{"id":2666025,"date":"2022-05-22T08:07:00","date_gmt":"2022-05-22T05:07:00","guid":{"rendered":"https:\/\/idaviru.ee\/?p=2666025"},"modified":"2022-07-28T08:44:06","modified_gmt":"2022-07-28T05:44:06","slug":"saka-muistaa-matthias-rustin-moskova-lentoa","status":"publish","type":"post","link":"https:\/\/idaviru.ee\/fi\/saka-muistaa-matthias-rustin-moskova-lentoa\/","title":{"rendered":"Saka muistaa Matthias Rustin Moskova-lentoa"},"content":{"rendered":"\n<p><strong><b>Saksalaisnuorukainen suuntasi 35 vuotta sitten Cessnansa Helsingist\u00e4 lennolle It\u00e4-Viron yli Neuvostoliittoon ja Punaiselle torille. <\/b>Sakan kartanon puist<b>oon on kohonnut <\/b>tempaukselle pyhitetty symbolinen muistomerkki. <\/strong><\/p>\n\n\n\n<p>Toukokuun lopulla, 28.5. tulee kuluneeksi 35 vuotta siit\u00e4, kun 19-vuotias harrastuslent\u00e4j\u00e4 Mathias Rust laskeutui Cessna 172 -potkurikoneellaan l\u00e4helle Moskovan Punaista toria &#8211; aukiolle yli joen johtavalle leve\u00e4lle v\u00e4h\u00e4liikenteiselle sillalle.<\/p>\n\n\n\n<p>Rust h\u00e4p\u00e4isi Neuvostoliiton rajavartioston ja ilmavoimat paljolti onnenkantamoisenkin ansiosta. H\u00e4nen lentoreittins\u00e4 kiersi Helsingin kautta ja suuntautui kaakkoon kohti Moskovaa yli tuolloisen Neuvosto-Viron, jossa juuri samana p\u00e4iv\u00e4n\u00e4 juhlistettiin it\u00e4naapurimaisen kosteaan tapaan rajavartioiden p\u00e4iv\u00e4\u00e4.<\/p>\n\n\n\n<p><br><img fetchpriority=\"high\" decoding=\"async\" width=\"450\" height=\"300\" class=\"wp-image-2666075\" style=\"width: 450px;\" src=\"https:\/\/idaviru.ee\/wp-content\/uploads\/2022\/07\/rust_malestusmark_2.jpg\" alt=\"\" srcset=\"\/\/idaviru.ee\/wp-content\/uploads\/2022\/07\/rust_malestusmark_2.jpg 2048w, \/\/idaviru.ee\/wp-content\/uploads\/2022\/07\/rust_malestusmark_2-300x200.jpg 300w, \/\/idaviru.ee\/wp-content\/uploads\/2022\/07\/rust_malestusmark_2-1024x683.jpg 1024w, \/\/idaviru.ee\/wp-content\/uploads\/2022\/07\/rust_malestusmark_2-768x512.jpg 768w, \/\/idaviru.ee\/wp-content\/uploads\/2022\/07\/rust_malestusmark_2-1536x1025.jpg 1536w, \/\/idaviru.ee\/wp-content\/uploads\/2022\/07\/rust_malestusmark_2-600x400.jpg 600w, \/\/idaviru.ee\/wp-content\/uploads\/2022\/07\/rust_malestusmark_2-90x60.jpg 90w, \/\/idaviru.ee\/wp-content\/uploads\/2022\/07\/rust_malestusmark_2-135x90.jpg 135w\" sizes=\"(max-width: 450px) 100vw, 450px\" \/><\/p>\n\n\n\n<p>Useat tutkaj\u00e4rjestelm\u00e4t kyll\u00e4 havaitsivat Rustin pienkoneen, mutta juhlahumussa sit\u00e4 pidettiin paikallisen lentokoulun oppilaskoneeksi. Syvemm\u00e4ll\u00e4 sis\u00e4maassa, jo nykyisen Ven\u00e4j\u00e4n puolella, h\u00e4n ohitti tiet\u00e4m\u00e4tt\u00e4\u00e4n my\u00f6s kohdan, jossa p\u00e4iv\u00e4\u00e4 aiemmin oli kaksi lentokonetta t\u00f6rm\u00e4nnyt toisiinsa ja siksi Rustin lentoakin erehdyttiin pit\u00e4m\u00e4\u00e4n osana etsint\u00e4- ja pelastustoimia.<\/p>\n\n\n\n<p>Pohjois-Viron t\u00f6rm\u00e4rannikolla, Sakan kartanon pihamaalla, seisoo t\u00e4n\u00e4\u00e4nkin Meritorni &#8211; entinen neuvostov\u00e4en rajavartio- ja valonheitintorni, josta k\u00e4sin tarkkailtiin Suomenlahden meri- ja lentoliikennett\u00e4. Nyt upeat n\u00e4k\u00f6alat tarjoavaan torniin on sisustettu kokoustiloja sek\u00e4 kaksi huoneistoa, toinen perhek\u00e4ytt\u00f6\u00f6n ja toinen sviittim\u00e4isemp\u00e4\u00e4n oleskeluun. Katso lis\u00e4tietoja <a href=\"https:\/\/idaviru.ee\/fi\/object\/1642094\/saka-moisa-meretorn\/\" target=\"_blank\" rel=\"noreferrer noopener\">torniin majoittumisesta<\/a> sek\u00e4 <a href=\"https:\/\/www.saka.ee\/en\/new-watchtower-rooms\/\" target=\"_blank\" rel=\"noreferrer noopener\">kuvagalleria sen tiloista<\/a>.<\/p>\n\n\n\n<p>Kartanon omistaja <strong>T\u00f5nis Kaasik<\/strong> on l\u00e4hes 20 vuoden ajan kunnostanut ja kehitt\u00e4nyt kartanoa, joka neuvostojoukkojen l\u00e4hdetty\u00e4 j\u00e4i jo valmiiksi r\u00e4nsistyneen\u00e4 viel\u00e4 pitk\u00e4ksi toviksi tyhjilleen &#8211; ilkivallan tekij\u00f6iden ja luonnonvoimien armottomaan valtaan.<\/p>\n\n\n\n<p>Nyt upeaa &#8211; t\u00f6rm\u00e4rannikon helmeksi t\u00e4ysin oikeutetusti kutsuttavaa kartanorakennusta ymp\u00e4r\u00f6i mm. matkailuvaunujen ja -autojen pys\u00e4k\u00f6inti- ja palvelualue, puisto toisen maailmansodan aikaisine juoksuhautoineen ja punkkereineen, kylpyl\u00e4hotelli laaturavintoloineen, Viron geologiasta kertova luonnonkivin\u00e4yttely sek\u00e4 baltiansaksalaisten tilallisten muistomerkki. Ja jatkossa siis my\u00f6s muistomerkki (hullun)rohkealle saksalaiselle nuorukaiselle, joka Gorbat\u0161ovin hallinnon aikaan lenn\u00e4tti Moskovaan omanlaisensa rauhansanoman.<\/p>\n","protected":false},"excerpt":{"rendered":"<p>Saksalaisnuorukainen suuntasi 35 vuotta sitten Cessnansa Helsingist\u00e4 lennolle It\u00e4-Viron yli Neuvostoliittoon ja Punaiselle torille. Sakan kartanon puistoon on kohonnut tempaukselle pyhitetty symbolinen muistomerkki. Toukokuun lopulla, 28.5. tulee kuluneeksi 35 vuotta siit\u00e4, kun 19-vuotias harrastuslent\u00e4j\u00e4 Mathias Rust laskeutui Cessna 172 -potkurikoneellaan l\u00e4helle Moskovan Punaista toria &#8211; aukiolle yli joen johtavalle leve\u00e4lle v\u00e4h\u00e4liikenteiselle sillalle. Rust h\u00e4p\u00e4isi Neuvostoliiton [&hellip;]<\/p>\n","protected":false},"author":10,"featured_media":2666046,"comment_status":"closed","ping_status":"closed","sticky":false,"template":"","format":"standard","meta":{"_acf_changed":false,"inline_featured_image":false,"footnotes":""},"categories":[227],"tags":[777],"class_list":["post-2666025","post","type-post","status-publish","format-standard","has-post-thumbnail","hentry","category-inspiraatiota","tag-saka"],"acf":[],"_links":{"self":[{"href":"https:\/\/idaviru.ee\/fi\/wp-json\/wp\/v2\/posts\/2666025","targetHints":{"allow":["GET"]}}],"collection":[{"href":"https:\/\/idaviru.ee\/fi\/wp-json\/wp\/v2\/posts"}],"about":[{"href":"https:\/\/idaviru.ee\/fi\/wp-json\/wp\/v2\/types\/post"}],"author":[{"embeddable":true,"href":"https:\/\/idaviru.ee\/fi\/wp-json\/wp\/v2\/users\/10"}],"replies":[{"embeddable":true,"href":"https:\/\/idaviru.ee\/fi\/wp-json\/wp\/v2\/comments?post=2666025"}],"version-history":[{"count":0,"href":"https:\/\/idaviru.ee\/fi\/wp-json\/wp\/v2\/posts\/2666025\/revisions"}],"wp:featuredmedia":[{"embeddable":true,"href":"https:\/\/idaviru.ee\/fi\/wp-json\/wp\/v2\/media\/2666046"}],"wp:attachment":[{"href":"https:\/\/idaviru.ee\/fi\/wp-json\/wp\/v2\/media?parent=2666025"}],"wp:term":[{"taxonomy":"category","embeddable":true,"href":"https:\/\/idaviru.ee\/fi\/wp-json\/wp\/v2\/categories?post=2666025"},{"taxonomy":"post_tag","embeddable":true,"href":"https:\/\/idaviru.ee\/fi\/wp-json\/wp\/v2\/tags?post=2666025"}],"curies":[{"name":"wp","href":"https:\/\/api.w.org\/{rel}","templated":true}]}}