{"id":2704641,"date":"2022-08-24T13:18:47","date_gmt":"2022-08-24T10:18:47","guid":{"rendered":"https:\/\/idaviru.ee\/?p=2704641"},"modified":"2022-08-24T13:22:49","modified_gmt":"2022-08-24T10:22:49","slug":"muinaistulien-yo-27-8-ita-virossa","status":"publish","type":"post","link":"https:\/\/idaviru.ee\/fi\/muinaistulien-yo-27-8-ita-virossa\/","title":{"rendered":"Muinaistulien y\u00f6 27.8. It\u00e4-Virossa"},"content":{"rendered":"\n<p><strong>Elokuun viimeisen lauantain h\u00e4m\u00e4rtyess\u00e4 iltaan syttyv\u00e4t Virumaan rantojen \u00e4\u00e4rell\u00e4 n. klo 20.30 muinaistulet. Suomesta ja Virosta jo 30 vuotta sitten alkunsa saaneen, nykyisin useissa It\u00e4meren rantavaltioissa j\u00e4rjestett\u00e4v\u00e4n Muinaistulien y\u00f6 -perinnetapahtuman j\u00e4rjest\u00e4j\u00e4t pyyt\u00e4v\u00e4t t\u00e4n\u00e4 vuonna rannikkokansoja muistelemaan ja miettim\u00e4\u00e4n erityisesti heit\u00e4, jotka ovat uhranneet oman el\u00e4m\u00e4ns\u00e4 kanssaveljiens\u00e4 ja -siskojensa vapauden nimiss\u00e4.<\/strong><\/p>\n\n\n\n<p>Useiden Virumaalla j\u00e4rjestett\u00e4vien ja yleis\u00f6lle avoimien &#8221;tulijuhlien&#8221; sek\u00e4 my\u00f6s yksityisten kokkojen sijainteja n\u00e4et t\u00e4lt\u00e4 kartalta http:\/\/www.muinastuled.ee\/fi. Voit my\u00f6s halutessasi merkata omat (Suomenkin puoleiset) tulenne kyseiselle kartalle toisten iloksi. Pist\u00e4ydy vaikkapa:<\/p>\n\n\n\n<p>&#8211; <strong>Toilan satamassa ja rannalla<\/strong> j\u00e4rjestett\u00e4v\u00e4\u00e4n koko perheen tapahtumaan &#8221;Meri, musiikki ja muinaistulet&#8221;.  Ohjelma alkaa jo iltap\u00e4iv\u00e4ll\u00e4, jolloin klo 13-16 kisataan tukkipunnerruksen Viron mestaruuksista. Puoli kuudelta k\u00e4ynnistyy ilomielinen tuliveistosten joukkuerakennuskilpailu, jossa klo 21.30 sytytett\u00e4vien puu-olki-pahviteosten ulkoasun ja paloprosessin n\u00e4ytt\u00e4vyyden ohella arvostellaan my\u00f6s rakentajien karnevaaliasuja ja teoksensa esittelytaitoja. Yleis\u00f6\u00e4 tanssittaa Royal-yhtye ja tarjolla on virvokkeita, sy\u00f6t\u00e4v\u00e4\u00e4 sek\u00e4 muuta mukavaa viihdeohjelmaa. Tapahtumaan on yleis\u00f6ll\u00e4 vapaa p\u00e4\u00e4sy. Lis\u00e4tietoja: <a href=\"https:\/\/www.facebook.com\/events\/4722162971219824\" target=\"_blank\" rel=\"noreferrer noopener\">https:\/\/www.facebook.com\/events\/4722162971219824<\/a><\/p>\n\n\n\n<figure class=\"wp-block-image size-large\"><img fetchpriority=\"high\" decoding=\"async\" width=\"1024\" height=\"426\" src=\"https:\/\/idaviru.ee\/wp-content\/uploads\/2022\/08\/NarvaLinnusePohjaou_-1024x426.jpg\" alt=\"\" class=\"wp-image-2704747\" srcset=\"\/\/idaviru.ee\/wp-content\/uploads\/2022\/08\/NarvaLinnusePohjaou_-1024x426.jpg 1024w, \/\/idaviru.ee\/wp-content\/uploads\/2022\/08\/NarvaLinnusePohjaou_-300x125.jpg 300w, \/\/idaviru.ee\/wp-content\/uploads\/2022\/08\/NarvaLinnusePohjaou_-768x320.jpg 768w, \/\/idaviru.ee\/wp-content\/uploads\/2022\/08\/NarvaLinnusePohjaou_-1536x639.jpg 1536w, \/\/idaviru.ee\/wp-content\/uploads\/2022\/08\/NarvaLinnusePohjaou_-600x250.jpg 600w, \/\/idaviru.ee\/wp-content\/uploads\/2022\/08\/NarvaLinnusePohjaou_-144x60.jpg 144w, \/\/idaviru.ee\/wp-content\/uploads\/2022\/08\/NarvaLinnusePohjaou_-216x90.jpg 216w, \/\/idaviru.ee\/wp-content\/uploads\/2022\/08\/NarvaLinnusePohjaou_.jpg 1600w\" sizes=\"(max-width: 1024px) 100vw, 1024px\" \/><figcaption><sup>Narvan linnan pohjoispihalla voi tutustua entisaikojen k\u00e4sity\u00f6l\u00e4isten, seppien ym. ammatinharjoittajien ty\u00f6pajoihin. <\/sup><\/figcaption><\/figure>\n\n\n\n<p>&#8211; <strong>Narvan linnan pohjoispihalla<\/strong> klo 16-21 j\u00e4rjestett\u00e4v\u00e4\u00e4n ohjelmallisen ja kokkotulen sis\u00e4lt\u00e4v\u00e4\u00e4n folklore-tapahtumaan, jossa mm. esitell\u00e4\u00e4n perinneruokien tekoa ja tarjotaan niit\u00e4 my\u00f6s yleis\u00f6lle, ihaillaan ja kokeillaan itsekin seppien ty\u00f6skentely\u00e4 sek\u00e4 kuullaan mieskuoro Juhhaidiita. Lis\u00e4tietoja: <a href=\"https:\/\/www.facebook.com\/events\/747924363155456\/\" target=\"_blank\" rel=\"noreferrer noopener\">https:\/\/www.facebook.com\/events\/747924363155456\/<\/a><\/p>\n\n\n\n<p>&#8211; <strong>Peipsij\u00e4rven rannalla Kauksissa<\/strong> klo 20.30-21.45 ilmaiskonsertiin, jossa nuotion \u00e4\u00e4rell\u00e4 esiintyy yhtye &#8221;Rubundi&#8221; ja tarjolla on monenlaisia kahvilaherkkuja. Lis\u00e4tietoja: <a href=\"https:\/\/www.alutagusehuvikeskus.ee\/et\/sundmused?event_id=496\" target=\"_blank\" rel=\"noreferrer noopener\">https:\/\/www.alutagusehuvikeskus.ee\/et\/sundmused?event_id=496<\/a><\/p>\n\n\n\n<p>Kartalle merkitsem\u00e4tt\u00f6mi\u00e4, mutta samana iltana j\u00e4rjestett\u00e4vi\u00e4 tapahtumia ovat lis\u00e4ksi:<\/p>\n\n\n\n<p>&#8211; <strong>Narva-J\u00f5esuun <\/strong>Hele-puistossa klo 20 tunnelmallinen ilmaiskonsertti &#8221;Samettinen ilta kynttil\u00e4nvalon loisteessa&#8221; sek\u00e4 kylpyl\u00e4kaupungin keskustasta lounaaseen, Merik\u00fclan rannassa l\u00e4hell\u00e4 Udriaa j\u00e4rjestett\u00e4v ohjelmallinen muinaistulitapahtuma. Lis\u00e4tietoja: <a href=\"https:\/\/narva-joesuu.ee\/et\/kalender?p_p_id=8&amp;_8_struts_action=\/calendar\/view_event&amp;_8_eventId=35088752\">https:\/\/narva-joesuu.ee\/et\/kalender?p_p_id=8&amp;_8_struts_action=\/calendar\/view_event&amp;_8_eventId=35088752<\/a><\/p>\n\n\n\n<p>&#8211; L\u00fcganuse kunnassa, Purtse-joen suulla <strong>Liimalan rannassa <\/strong>(Tulivee-keskuksen vierell\u00e4) klo 20.30 alkava ilmaiskonsertti, esiintyj\u00e4n\u00e4 virolaisten rakastama ja Rakveress\u00e4 nyky\u00e4\u00e4n ravintoloitsijana toimiva artisti Bonzo. <\/p>\n\n\n\n<p><strong>Ensimm\u00e4iset nykymuotoiset muinaistulet syttyiv\u00e4t v. 1992<\/strong>, kun Suomessa Turun saariston kehitysohjelman parissa ty\u00f6skennellyt kemi\u00f6l\u00e4inen Kristian Lindroos ja h\u00e4nen virolainen yst\u00e4v\u00e4ns\u00e4 Hiidenmaalta &#8211; Toivo Saue p\u00e4\u00e4ttiv\u00e4t j\u00e4rjest\u00e4\u00e4 samanaikaiset kyl\u00e4nuotiotapahtumat Suomenlahden vastarannoilla. Tilaisuuksilla haluttiin edist\u00e4\u00e4 paikkakuntien v\u00e4lisi\u00e4 yhteyksi\u00e4 sek\u00e4 vasta hiljattain uudelleenitsen\u00e4istyneen Viron pyrkimyksi\u00e4 Pohjolan kansakuntien joukkoon. Mm. sanomalehti Hiiu Leht raportoi tuolloin tapahtumista n\u00e4in (teksti on viron kielell\u00e4): <a href=\"https:\/\/muinastuled.blogspot.com\/2013\/05\/esimene-muinastulede-loke-suudati-ka.html?\" target=\"_blank\" rel=\"noreferrer noopener\">https:\/\/muinastuled.blogspot.com\/2013\/05\/esimene-muinastulede-loke-suudati-ka.html?<\/a><\/p>\n\n\n\n<figure class=\"wp-block-image size-large\"><img decoding=\"async\" width=\"1024\" height=\"576\" src=\"https:\/\/idaviru.ee\/wp-content\/uploads\/2022\/08\/muinastulede-oo-e1661335762207-1024x576.jpg\" alt=\"\" class=\"wp-image-2704729\" srcset=\"\/\/idaviru.ee\/wp-content\/uploads\/2022\/08\/muinastulede-oo-e1661335762207-1024x576.jpg 1024w, \/\/idaviru.ee\/wp-content\/uploads\/2022\/08\/muinastulede-oo-e1661335762207-300x169.jpg 300w, \/\/idaviru.ee\/wp-content\/uploads\/2022\/08\/muinastulede-oo-e1661335762207-768x432.jpg 768w, \/\/idaviru.ee\/wp-content\/uploads\/2022\/08\/muinastulede-oo-e1661335762207-1536x864.jpg 1536w, \/\/idaviru.ee\/wp-content\/uploads\/2022\/08\/muinastulede-oo-e1661335762207-400x225.jpg 400w, \/\/idaviru.ee\/wp-content\/uploads\/2022\/08\/muinastulede-oo-e1661335762207-600x338.jpg 600w, \/\/idaviru.ee\/wp-content\/uploads\/2022\/08\/muinastulede-oo-e1661335762207.jpg 1920w\" sizes=\"(max-width: 1024px) 100vw, 1024px\" \/><\/figure>\n","protected":false},"excerpt":{"rendered":"<p>Elokuun viimeisen lauantain h\u00e4m\u00e4rtyess\u00e4 iltaan syttyv\u00e4t Virumaan rantojen \u00e4\u00e4rell\u00e4 n. klo 20.30 muinaistulet. Suomesta ja Virosta jo 30 vuotta sitten alkunsa saaneen, nykyisin useissa It\u00e4meren rantavaltioissa j\u00e4rjestett\u00e4v\u00e4n Muinaistulien y\u00f6 -perinnetapahtuman j\u00e4rjest\u00e4j\u00e4t pyyt\u00e4v\u00e4t t\u00e4n\u00e4 vuonna rannikkokansoja muistelemaan ja miettim\u00e4\u00e4n erityisesti heit\u00e4, jotka ovat uhranneet oman el\u00e4m\u00e4ns\u00e4 kanssaveljiens\u00e4 ja -siskojensa vapauden nimiss\u00e4. Useiden Virumaalla j\u00e4rjestett\u00e4vien ja yleis\u00f6lle [&hellip;]<\/p>\n","protected":false},"author":10,"featured_media":2704729,"comment_status":"closed","ping_status":"closed","sticky":false,"template":"","format":"standard","meta":{"_acf_changed":false,"inline_featured_image":false,"footnotes":""},"categories":[227],"tags":[780,784,785,786,787],"class_list":["post-2704641","post","type-post","status-publish","format-standard","has-post-thumbnail","hentry","category-inspiraatiota","tag-narva","tag-tapahtumat","tag-kauksi","tag-narva-joesuu","tag-toila"],"acf":[],"_links":{"self":[{"href":"https:\/\/idaviru.ee\/fi\/wp-json\/wp\/v2\/posts\/2704641","targetHints":{"allow":["GET"]}}],"collection":[{"href":"https:\/\/idaviru.ee\/fi\/wp-json\/wp\/v2\/posts"}],"about":[{"href":"https:\/\/idaviru.ee\/fi\/wp-json\/wp\/v2\/types\/post"}],"author":[{"embeddable":true,"href":"https:\/\/idaviru.ee\/fi\/wp-json\/wp\/v2\/users\/10"}],"replies":[{"embeddable":true,"href":"https:\/\/idaviru.ee\/fi\/wp-json\/wp\/v2\/comments?post=2704641"}],"version-history":[{"count":0,"href":"https:\/\/idaviru.ee\/fi\/wp-json\/wp\/v2\/posts\/2704641\/revisions"}],"wp:featuredmedia":[{"embeddable":true,"href":"https:\/\/idaviru.ee\/fi\/wp-json\/wp\/v2\/media\/2704729"}],"wp:attachment":[{"href":"https:\/\/idaviru.ee\/fi\/wp-json\/wp\/v2\/media?parent=2704641"}],"wp:term":[{"taxonomy":"category","embeddable":true,"href":"https:\/\/idaviru.ee\/fi\/wp-json\/wp\/v2\/categories?post=2704641"},{"taxonomy":"post_tag","embeddable":true,"href":"https:\/\/idaviru.ee\/fi\/wp-json\/wp\/v2\/tags?post=2704641"}],"curies":[{"name":"wp","href":"https:\/\/api.w.org\/{rel}","templated":true}]}}