{"id":2966916,"date":"2024-05-14T16:56:20","date_gmt":"2024-05-14T13:56:20","guid":{"rendered":"https:\/\/idaviru.ee\/?p=2966916"},"modified":"2024-05-14T16:56:22","modified_gmt":"2024-05-14T13:56:22","slug":"kesalla-tapahtuu-ita-virossa","status":"publish","type":"post","link":"https:\/\/idaviru.ee\/fi\/kesalla-tapahtuu-ita-virossa\/","title":{"rendered":"Kes\u00e4ll\u00e4 tapahtuu It\u00e4-Virossa"},"content":{"rendered":"\n<p>It\u00e4-Virossa tapahtuu tulevana kes\u00e4n\u00e4 paljon! Alueella j\u00e4rjestet\u00e4\u00e4n monenlaisia tapahtumia, jotka kattavat kaiken kulttuurista, musiikista ja urheilusta. T\u00e4ss\u00e4 artikkelissa esittelemme sinulle It\u00e4-Viron kiinnostavimmat kes\u00e4tapahtumat. Tutustu festivaaleihin, konsertteihin ja muihin mielenkiintoisiin kokoontumisiin, jotka tarjoavat jokaiselle jotakin. L\u00e4hde mukaan l\u00f6yt\u00f6retkelle ja suunnittele unohtumaton kes\u00e4 It\u00e4-Viron sykkeess\u00e4!<\/p>\n\n\n\n<h2 class=\"wp-block-heading\">Kes\u00e4kuu<\/h2>\n\n\n\n<h3 class=\"wp-block-heading\">Narvan p\u00e4iv\u00e4t 31.5. &#8211; 2.6.<\/h3>\n\n\n\n<p>It\u00e4-Viron kes\u00e4 on t\u00e4ynn\u00e4 el\u00e4m\u00e4\u00e4, ja erityisesti Narvan p\u00e4iv\u00e4t sis\u00e4lt\u00e4\u00e4 mielenkiintoista ohjelmaa koko perheelle. T\u00e4m\u00e4 tapahtuma tarjoaa juhlakulkueita, urheilukilpailuja ja kulttuuritapahtumia. Tarjolla on my\u00f6s viihdett\u00e4 monipuolisesti kaiken ik\u00e4isille.<\/p>\n\n\n\n<h3 class=\"wp-block-heading\">Alutagusen maastopy\u00f6r\u00e4maraton 1.6.<\/h3>\n\n\n\n<p>Alutagusen maastopy\u00f6r\u00e4maraton, j\u00e4rjestet\u00e4\u00e4n Alutagusen loma- ja urheilukeskuksessa. Tapahtuma tarjoaa j\u00e4nnitt\u00e4v\u00e4n kokemuksen py\u00f6r\u00e4ilyn yst\u00e4ville. Tapahtumassa on tarjolla kaksi eri matkaa: 48 kilometrin maratonreitti ja 19 kilometrin puolimaraton, jotka kulkevat pitkin talven hiihtomaratonin polkuja. Osallistujat p\u00e4\u00e4sev\u00e4t nauttimaan Kurtnan kauniista j\u00e4rvimaisemista ja tutustumaan alueen historiallisiin palavankiven louhoksiin sek\u00e4 turvekenttiin. Lis\u00e4ksi tapahtumaan kuuluu lasten ja esikoululaisten minil\u00e4hd\u00f6t, mik\u00e4 tekee siit\u00e4 my\u00f6s koko perheelle sopivan p\u00e4iv\u00e4n.<\/p>\n\n\n\n<figure class=\"wp-block-image size-large\"><img fetchpriority=\"high\" decoding=\"async\" width=\"1024\" height=\"682\" src=\"https:\/\/idaviru.ee\/wp-content\/uploads\/2023\/05\/Alutaguse-Rahvuspark-Selisoo-matkarada_Valmar-Voolaid-1024x682.jpg\" alt=\"\" class=\"wp-image-2938985\" srcset=\"\/\/idaviru.ee\/wp-content\/uploads\/2023\/05\/Alutaguse-Rahvuspark-Selisoo-matkarada_Valmar-Voolaid-1024x682.jpg 1024w, \/\/idaviru.ee\/wp-content\/uploads\/2023\/05\/Alutaguse-Rahvuspark-Selisoo-matkarada_Valmar-Voolaid-300x200.jpg 300w, \/\/idaviru.ee\/wp-content\/uploads\/2023\/05\/Alutaguse-Rahvuspark-Selisoo-matkarada_Valmar-Voolaid-768x512.jpg 768w, \/\/idaviru.ee\/wp-content\/uploads\/2023\/05\/Alutaguse-Rahvuspark-Selisoo-matkarada_Valmar-Voolaid-1536x1023.jpg 1536w, \/\/idaviru.ee\/wp-content\/uploads\/2023\/05\/Alutaguse-Rahvuspark-Selisoo-matkarada_Valmar-Voolaid-2048x1364.jpg 2048w, \/\/idaviru.ee\/wp-content\/uploads\/2023\/05\/Alutaguse-Rahvuspark-Selisoo-matkarada_Valmar-Voolaid-600x400.jpg 600w, \/\/idaviru.ee\/wp-content\/uploads\/2023\/05\/Alutaguse-Rahvuspark-Selisoo-matkarada_Valmar-Voolaid-90x60.jpg 90w, \/\/idaviru.ee\/wp-content\/uploads\/2023\/05\/Alutaguse-Rahvuspark-Selisoo-matkarada_Valmar-Voolaid-135x90.jpg 135w\" sizes=\"(max-width: 1024px) 100vw, 1024px\" \/><\/figure>\n\n\n\n<h3 class=\"wp-block-heading\">Narvan kaupunkijuoksut 31.5. &#8211; 1.6.<\/h3>\n\n\n\n<p>Narvan kaupunkijuoksu on kasvanut viimeisen vuosikymmenen aikana It\u00e4-Viron suurimmaksi kuntourheilutapahtumaksi. Tapahtuma sai osallistuja enn\u00e4tyksens\u00e4 vuonna 2017, kun yli 4 000 liikunnan yst\u00e4v\u00e4\u00e4 osallistui osallistui tapahtumaan. Reitti vie kilpailijat Narvan l\u00e4pi, tarjoten n\u00e4kymi\u00e4 kaupungin maisemiin ja erityisesti sen kauniille joenrantapromenadille. Kaikki maaliin saapuvat juoksijat palkitaan uniikilla design-mitalilla, mik\u00e4 lis\u00e4\u00e4 tapahtuman vetovoimaa ja antaa osallistujille muiston heid\u00e4n saavutuksistaan.<\/p>\n\n\n\n<figure class=\"wp-block-image size-large\"><img decoding=\"async\" width=\"1024\" height=\"605\" src=\"https:\/\/idaviru.ee\/wp-content\/uploads\/2022\/02\/NarvaEnergiajooks_Start_2018-1024x605.jpg\" alt=\"\" class=\"wp-image-2405399\" srcset=\"\/\/idaviru.ee\/wp-content\/uploads\/2022\/02\/NarvaEnergiajooks_Start_2018-1024x605.jpg 1024w, \/\/idaviru.ee\/wp-content\/uploads\/2022\/02\/NarvaEnergiajooks_Start_2018-300x177.jpg 300w, \/\/idaviru.ee\/wp-content\/uploads\/2022\/02\/NarvaEnergiajooks_Start_2018-768x453.jpg 768w, \/\/idaviru.ee\/wp-content\/uploads\/2022\/02\/NarvaEnergiajooks_Start_2018-1536x907.jpg 1536w, \/\/idaviru.ee\/wp-content\/uploads\/2022\/02\/NarvaEnergiajooks_Start_2018-2048x1209.jpg 2048w, \/\/idaviru.ee\/wp-content\/uploads\/2022\/02\/NarvaEnergiajooks_Start_2018-600x354.jpg 600w\" sizes=\"(max-width: 1024px) 100vw, 1024px\" \/><\/figure>\n\n\n\n<h3 class=\"wp-block-heading\">Ultrajuoksu 9.6.\u00a0<\/h3>\n\n\n\n<p>It\u00e4-Virossa Kohtla-N\u00f5mmella j\u00e4rjestet\u00e4\u00e4n ultrajuoksutapahtuma, jossa juostaa 24 tuntia. T\u00e4m\u00e4 tapahtuma houkuttelee niin kokeneita ultrajuoksijoita kuin aloittelijoitakin haastamaan itsens\u00e4 sek\u00e4 fyysisesti ett\u00e4 henkisesti.\u00a0<\/p>\n\n\n\n<h2 class=\"wp-block-heading\">Hein\u00e4kuu<\/h2>\n\n\n\n<h3 class=\"wp-block-heading\">Narva-J\u00f5esuu Jazz 5.7.\u00a0<\/h3>\n\n\n\n<p>T\u00e4n\u00e4 kes\u00e4n\u00e4 Narva-J\u00f5esuussa&nbsp; j\u00e4rjestet\u00e4\u00e4n tunnelmallinen jazzfestivaali. Festivaalilla esiintyy kansainv\u00e4lisi\u00e4 jazz-t\u00e4hti\u00e4 ymp\u00e4ri maailmaa, tarjoten p\u00e4iv\u00e4n aikana monta ainutlaatuista musiikkiesityst\u00e4.&nbsp;<\/p>\n\n\n\n<h3 class=\"wp-block-heading\">M\u00e4etagusen kartanop\u00e4iv\u00e4 13.7.<\/h3>\n\n\n\n<p>M\u00e4etagusen kartanop\u00e4iv\u00e4 on monipuolinen koko perheen tapahtuman, jossa yhdistyy urheilu, kulttuuri ja viihde. P\u00e4iv\u00e4n aikana voit nauttia konserteista, n\u00e4ytelmist\u00e4 ja tansseista illan tullen. Tapahtumassa on my\u00f6s k\u00e4sity\u00f6l\u00e4isten ja luomutuottajien teltat, joista l\u00f6yd\u00e4t ainutlaatuisia tuotteita. Lapsille on j\u00e4rjestetty erilaisia kilpailuja ja aktiviteetteja. Tule viett\u00e4m\u00e4\u00e4n ikimuistoinen p\u00e4iv\u00e4 M\u00e4etagusen kartanolla koko perheen voimin.<\/p>\n\n\n\n<figure class=\"wp-block-image size-large\"><img decoding=\"async\" width=\"1024\" height=\"520\" src=\"https:\/\/idaviru.ee\/wp-content\/uploads\/2021\/02\/Maetaguse-Moisa-ees-lastega-1024x520.jpg\" alt=\"\" class=\"wp-image-2103941\" srcset=\"\/\/idaviru.ee\/wp-content\/uploads\/2021\/02\/Maetaguse-Moisa-ees-lastega-1024x520.jpg 1024w, \/\/idaviru.ee\/wp-content\/uploads\/2021\/02\/Maetaguse-Moisa-ees-lastega-300x152.jpg 300w, \/\/idaviru.ee\/wp-content\/uploads\/2021\/02\/Maetaguse-Moisa-ees-lastega-768x390.jpg 768w, \/\/idaviru.ee\/wp-content\/uploads\/2021\/02\/Maetaguse-Moisa-ees-lastega-1536x780.jpg 1536w, \/\/idaviru.ee\/wp-content\/uploads\/2021\/02\/Maetaguse-Moisa-ees-lastega-600x305.jpg 600w, \/\/idaviru.ee\/wp-content\/uploads\/2021\/02\/Maetaguse-Moisa-ees-lastega-118x60.jpg 118w, \/\/idaviru.ee\/wp-content\/uploads\/2021\/02\/Maetaguse-Moisa-ees-lastega-177x90.jpg 177w, \/\/idaviru.ee\/wp-content\/uploads\/2021\/02\/Maetaguse-Moisa-ees-lastega.jpg 1559w\" sizes=\"(max-width: 1024px) 100vw, 1024px\" \/><\/figure>\n\n\n\n<h3 class=\"wp-block-heading\">Majakan musiikkijuhlat 27.7.<\/h3>\n\n\n\n<p>Majakan musiikkijuhlat Peipsij\u00e4rven Rannapungerjan joenranta-aukiolla kokoavat yhteen viihdemusiikin yst\u00e4v\u00e4t kaikkialta. T\u00e4m\u00e4 koko perheen tapahtuma tarjoaa monipuolista musiikkia iltap\u00e4iv\u00e4st\u00e4 iltaan. Tapahtuma soveltuu kaikenik\u00e4isille kuulijoille, lapsista isovanhempiin. Musiikin lis\u00e4ksi tarjolla on virvokkeita sek\u00e4 herkullisia ruoka-annoksia ja naposteltavia. Tule nauttimaan kes\u00e4isest\u00e4 tunnelmasta, rytmikk\u00e4ist\u00e4 s\u00e4velist\u00e4 ja Peipsij\u00e4rven aaltojen rauhoittavasta kohinasta.<\/p>\n\n\n\n<h2 class=\"wp-block-heading\">Elokuu\u00a0<\/h2>\n\n\n\n<h3 class=\"wp-block-heading\">Alutagusen kartanokahviloiden p\u00e4iv\u00e4 10.8.<\/h3>\n\n\n\n<p>Kartanokahviloiden p\u00e4iv\u00e4 on vuosittainen tapahtuma, joka levitt\u00e4ytyy Alutagusen taajamien ja kylien halki, houkutellen paikalle niin l\u00e4hialueen asukkaita kuin kauempaakin saapuvia vieraita. T\u00e4m\u00e4 suosittu tapahtuma tarjoaa ainutlaatuisen mahdollisuuden vierailla useissa kartanoissa ja popup-kahviloissa, jotka el\u00e4v\u00f6itt\u00e4v\u00e4t paikallista kulttuuriel\u00e4m\u00e4\u00e4 herkullisilla ruoka-annoksilla, makeilla herkuilla ja monipuolisella ohjelmalla koko perheelle. Illukan, Kiiklan, Iisakun, M\u00e4etagusen ja Pagarin taajamissa toimivat kahvilat palvelevat asiakkaita porrastetusti p\u00e4iv\u00e4n aikana, jolloin voit suunnitella reittisi vaivattomasti. Jokainen kahvila pit\u00e4\u00e4 ovensa avoinna v\u00e4hint\u00e4\u00e4n kolme tuntia. Tapahtumassa on my\u00f6s arpajaisia ja myyj\u00e4isi\u00e4, joten muista ottaa mukaan k\u00e4teist\u00e4 rahaa, jotta voit tehd\u00e4 ostoksia.<\/p>\n\n\n\n<h3 class=\"wp-block-heading\">Peipsin ruokakatu 18.8.<\/h3>\n\n\n\n<p>T\u00e4m\u00e4 175 kilometrin mittainen ruokafestivaali esittelee pop-up-ravintoloita, jotka tarjoavat paikallisia herkkuja. Osallistujat p\u00e4\u00e4sev\u00e4t maistelemaan niin perinteisi\u00e4 kuin moderneja ruokia, jotka valmistetaan seudun metsien ja peltojen sek\u00e4 Peipsij\u00e4rven antimista. Tapahtuma tuo yhteen paikalliset ja koko Viron ravintolat, jotka tuovat omat tulkintansa paikallisista raaka-aineista.<\/p>\n\n\n\n<h3 class=\"wp-block-heading\">Narvan oopperap\u00e4iv\u00e4t 21.8.- 25.8.<\/h3>\n\n\n\n<p>Narvan oopperap\u00e4iv\u00e4t ovat vuodesta 2015 l\u00e4htien kasvaneet merkitt\u00e4v\u00e4ksi kulttuurifestivaaliksi, joka juhlistaa oopperaa, klassista musiikkia ja tanssitaidetta. T\u00e4m\u00e4 monip\u00e4iv\u00e4inen suurtapahtuma tuo yhteen it\u00e4isen ja l\u00e4ntisen musiikkiperinteen, tarjoten yleis\u00f6lle sek\u00e4 perinteisi\u00e4 ett\u00e4 moderneja sovituksia klassisen musiikin helmist\u00e4.&nbsp;<\/p>\n\n\n\n<p>Oopperap\u00e4ivien p\u00e4\u00e4paikka on Narvan historiallinen Kreenholmin tehdasalue, mutta tapahtumia j\u00e4rjestet\u00e4\u00e4n my\u00f6s muualla kaupungissa. Ohjelmistoon kuuluu paikallisia ensiesityksi\u00e4 suurteoksista, kansainv\u00e4lisi\u00e4 gaala-iltoja sek\u00e4 monipuolisia esityksi\u00e4 koko perheelle ja tanssiteatterin yst\u00e4ville. Lis\u00e4ksi festivaalin aikana on mahdollisuus osallistua opastetuille kierroksille Kreenholmin alueella, mik\u00e4 syvent\u00e4\u00e4 ymm\u00e4rryst\u00e4 alueen historiasta ja kulttuurista. T\u00e4ll\u00e4 kertaa festivaalilla n\u00e4hd\u00e4\u00e4n kantaesityksen\u00e4 Malle Maltisin ooppera Lapsiraasu.<\/p>\n\n\n\n<figure class=\"wp-block-image size-large\"><img loading=\"lazy\" decoding=\"async\" width=\"1024\" height=\"683\" src=\"https:\/\/idaviru.ee\/wp-content\/uploads\/2024\/04\/g3UGqdUR-1024x683.jpeg\" alt=\"\" class=\"wp-image-2959941\" srcset=\"\/\/idaviru.ee\/wp-content\/uploads\/2024\/04\/g3UGqdUR-1024x683.jpeg 1024w, \/\/idaviru.ee\/wp-content\/uploads\/2024\/04\/g3UGqdUR-300x200.jpeg 300w, \/\/idaviru.ee\/wp-content\/uploads\/2024\/04\/g3UGqdUR-768x512.jpeg 768w, \/\/idaviru.ee\/wp-content\/uploads\/2024\/04\/g3UGqdUR-1536x1024.jpeg 1536w, \/\/idaviru.ee\/wp-content\/uploads\/2024\/04\/g3UGqdUR-600x400.jpeg 600w, \/\/idaviru.ee\/wp-content\/uploads\/2024\/04\/g3UGqdUR.jpeg 2048w\" sizes=\"(max-width: 1024px) 100vw, 1024px\" \/><\/figure>\n\n\n\n<h2 class=\"wp-block-heading\">Matkusta kes\u00e4ll\u00e4 It\u00e4-Viroon<\/h2>\n\n\n\n<p>Toivottavasti olet nauttinut oppaastamme It\u00e4-Viron kes\u00e4tapahtumiin! Jos olet kiinnostunut tutustumaan n\u00e4ihin tapahtumiin tarkemmin tai suunnittelet osallistumista, kaikki lis\u00e4tiedot ja yksityiskohtaiset tapahtumatiedot l\u00f6yd\u00e4t It\u00e4-Viron <a href=\"https:\/\/idaviru.ee\/fi\/\">nettisivuilta.<\/a> Varmista, ett\u00e4 merkitset kalenteriisi mielenkiintoisimmat tapahtumat ja koe unohtumaton kes\u00e4 It\u00e4-Virossa!<\/p>\n","protected":false},"excerpt":{"rendered":"<p>It\u00e4-Virossa tapahtuu tulevana kes\u00e4n\u00e4 paljon! Alueella j\u00e4rjestet\u00e4\u00e4n monenlaisia tapahtumia, jotka kattavat kaiken kulttuurista, musiikista ja urheilusta. T\u00e4ss\u00e4 artikkelissa esittelemme sinulle It\u00e4-Viron kiinnostavimmat kes\u00e4tapahtumat. Tutustu festivaaleihin, konsertteihin ja muihin mielenkiintoisiin kokoontumisiin, jotka tarjoavat jokaiselle jotakin. L\u00e4hde mukaan l\u00f6yt\u00f6retkelle ja suunnittele unohtumaton kes\u00e4 It\u00e4-Viron sykkeess\u00e4! Kes\u00e4kuu Narvan p\u00e4iv\u00e4t 31.5. &#8211; 2.6. It\u00e4-Viron kes\u00e4 on t\u00e4ynn\u00e4 el\u00e4m\u00e4\u00e4, ja [&hellip;]<\/p>\n","protected":false},"author":41,"featured_media":2958017,"comment_status":"closed","ping_status":"closed","sticky":false,"template":"","format":"standard","meta":{"_acf_changed":false,"inline_featured_image":false,"footnotes":""},"categories":[227],"tags":[],"class_list":["post-2966916","post","type-post","status-publish","format-standard","has-post-thumbnail","hentry","category-inspiraatiota"],"acf":[],"_links":{"self":[{"href":"https:\/\/idaviru.ee\/fi\/wp-json\/wp\/v2\/posts\/2966916","targetHints":{"allow":["GET"]}}],"collection":[{"href":"https:\/\/idaviru.ee\/fi\/wp-json\/wp\/v2\/posts"}],"about":[{"href":"https:\/\/idaviru.ee\/fi\/wp-json\/wp\/v2\/types\/post"}],"author":[{"embeddable":true,"href":"https:\/\/idaviru.ee\/fi\/wp-json\/wp\/v2\/users\/41"}],"replies":[{"embeddable":true,"href":"https:\/\/idaviru.ee\/fi\/wp-json\/wp\/v2\/comments?post=2966916"}],"version-history":[{"count":0,"href":"https:\/\/idaviru.ee\/fi\/wp-json\/wp\/v2\/posts\/2966916\/revisions"}],"wp:featuredmedia":[{"embeddable":true,"href":"https:\/\/idaviru.ee\/fi\/wp-json\/wp\/v2\/media\/2958017"}],"wp:attachment":[{"href":"https:\/\/idaviru.ee\/fi\/wp-json\/wp\/v2\/media?parent=2966916"}],"wp:term":[{"taxonomy":"category","embeddable":true,"href":"https:\/\/idaviru.ee\/fi\/wp-json\/wp\/v2\/categories?post=2966916"},{"taxonomy":"post_tag","embeddable":true,"href":"https:\/\/idaviru.ee\/fi\/wp-json\/wp\/v2\/tags?post=2966916"}],"curies":[{"name":"wp","href":"https:\/\/api.w.org\/{rel}","templated":true}]}}