{"id":2991854,"date":"2025-03-23T07:15:57","date_gmt":"2025-03-23T05:15:57","guid":{"rendered":"https:\/\/idaviru.ee\/?p=2991854"},"modified":"2025-03-23T07:15:59","modified_gmt":"2025-03-23T05:15:59","slug":"ita-virumaalla-karavaanarille-riittaa-nahtavaa-ja-koettavaa","status":"publish","type":"post","link":"https:\/\/idaviru.ee\/fi\/ita-virumaalla-karavaanarille-riittaa-nahtavaa-ja-koettavaa\/","title":{"rendered":"&#8221;It\u00e4-Virumaalla karavaanarille riitt\u00e4\u00e4 n\u00e4ht\u00e4v\u00e4\u00e4 ja koettavaa&#8221;"},"content":{"rendered":"\n<p>It\u00e4-Viro on mainio alue asuntoauton tai -vaunun kanssa liikkujalle: matka Tallinnasta k\u00e4y joutuisasti, v\u00e4limatkat ovat lyhyit\u00e4 ja n\u00e4ht\u00e4v\u00e4\u00e4 paljon. Haastattelimme It\u00e4-Virumaan karavaanireiteill\u00e4 liikkunutta Jaana Vasamaa, jonka moni Viron-yst\u00e4v\u00e4 tuntee <a href=\"https:\/\/www.tuglas.fi\/\">Tuglas-seuran<\/a> toiminnanjohtajana ja Suomen ja Viron suhteiden edist\u00e4misen monitoiminaisena.&nbsp;<\/p>\n\n\n\n<p>\u201cKaravaanimatkailu It\u00e4-Virumaalla on todella mielenkiintoista, koska siell\u00e4 on niin paljon erilaista n\u00e4ht\u00e4v\u00e4\u00e4 ja koettavaa\u201d, toteaa Jaana Vasama heti alkuun. My\u00f6s alueen turvallisuus ja monipuolisuus saavat kiitosta. \u201cIt\u00e4-Virossa on turvallista. Ja alueelta l\u00f6ytyy kaupunkikohteita, kiinnostavia vierailupaikkoja sek\u00e4 ainutlaatuisia luontokohteita.\u201d<\/p>\n\n\n<div class=\"wp-block-image\">\n<figure class=\"aligncenter size-large is-resized\"><img fetchpriority=\"high\" decoding=\"async\" width=\"1980\" height=\"2640\" src=\"https:\/\/idaviru.ee\/wp-content\/uploads\/2025\/03\/20230912_150728-1-edited.jpg\" alt=\"\" class=\"wp-image-2991866\" style=\"width:500px\" srcset=\"\/\/idaviru.ee\/wp-content\/uploads\/2025\/03\/20230912_150728-1-edited.jpg 1980w, \/\/idaviru.ee\/wp-content\/uploads\/2025\/03\/20230912_150728-1-edited-225x300.jpg 225w, \/\/idaviru.ee\/wp-content\/uploads\/2025\/03\/20230912_150728-1-edited-768x1024.jpg 768w, \/\/idaviru.ee\/wp-content\/uploads\/2025\/03\/20230912_150728-1-edited-1152x1536.jpg 1152w, \/\/idaviru.ee\/wp-content\/uploads\/2025\/03\/20230912_150728-1-edited-1536x2048.jpg 1536w, \/\/idaviru.ee\/wp-content\/uploads\/2025\/03\/20230912_150728-1-edited-600x800.jpg 600w\" sizes=\"(max-width: 1980px) 100vw, 1980px\" \/><figcaption class=\"wp-element-caption\">Jaana Vasama poikkesi karavaanireissullaan Sillam\u00e4en meripromenadilla<\/figcaption><\/figure>\n<\/div>\n\n\n<h2 class=\"wp-block-heading\">Leirint\u00e4alueita ja kiinnostavia puskaparkkeja<\/h2>\n\n\n\n<p>Ensimm\u00e4ist\u00e4 karavaanireissuaan It\u00e4-Virumaalle suunnittelevalle Jaana Vasama antaa vinkin: \u201cJos It\u00e4-Virumaa j\u00e4nnitt\u00e4\u00e4 kohteena, suosittelen ajelemaan Tallinnasta pohjoisrannikkoa pitkin<a href=\"https:\/\/www.toilaspa.ee\/fi\/\"> Toilan kylpyl\u00e4hotellin<\/a> yhteydess\u00e4 olevalle<a href=\"https:\/\/www.toilaspa.ee\/fi\/leirintaalue\/\"> M\u00e4nnisalun leirint\u00e4alueelle<\/a>. Palvelutaso on erinomainen ja bonuksena hotellin erinomaiset kylpyl\u00e4palvelut sek\u00e4 k\u00e4velymatkojen p\u00e4\u00e4ss\u00e4 olevat kohteet\u201d, h\u00e4n toteaa viitaten muun muassa vieress\u00e4 olevaan Toilan Orun puistoon, Toilan valokuvaukselliseen mukulakivirantaan, satamaan sek\u00e4 ylip\u00e4\u00e4t\u00e4\u00e4n vaikuttavaan rantat\u00f6rm\u00e4\u00e4n.&nbsp;<\/p>\n\n\n\n<figure class=\"wp-block-image size-large\"><img decoding=\"async\" width=\"1024\" height=\"768\" src=\"https:\/\/idaviru.ee\/wp-content\/uploads\/2025\/03\/54400787221_9a775b56cb_k-1024x768.jpg\" alt=\"\" class=\"wp-image-2991876\" srcset=\"\/\/idaviru.ee\/wp-content\/uploads\/2025\/03\/54400787221_9a775b56cb_k-1024x768.jpg 1024w, \/\/idaviru.ee\/wp-content\/uploads\/2025\/03\/54400787221_9a775b56cb_k-300x225.jpg 300w, \/\/idaviru.ee\/wp-content\/uploads\/2025\/03\/54400787221_9a775b56cb_k-768x576.jpg 768w, \/\/idaviru.ee\/wp-content\/uploads\/2025\/03\/54400787221_9a775b56cb_k-1536x1152.jpg 1536w, \/\/idaviru.ee\/wp-content\/uploads\/2025\/03\/54400787221_9a775b56cb_k-600x450.jpg 600w, \/\/idaviru.ee\/wp-content\/uploads\/2025\/03\/54400787221_9a775b56cb_k.jpg 2047w\" sizes=\"(max-width: 1024px) 100vw, 1024px\" \/><figcaption class=\"wp-element-caption\">M\u00e4nnisalun leirint\u00e4alue Toilassa sijaitsee nimens\u00e4 mukaisesti m\u00e4ntymets\u00e4ss\u00e4<\/figcaption><\/figure>\n\n\n\n<p>Muitakin leirint\u00e4alueita l\u00f6ytyy ja Jaana Vasama on l\u00f6yt\u00e4nyt itsens\u00e4 y\u00f6pym\u00e4st\u00e4 muun muassa<a href=\"https:\/\/www.saka.ee\/fi\/majutus\/\"> Sakan kartanon<\/a> yhteydess\u00e4 olevalta leirint\u00e4alueelta. My\u00f6s Valasten putouksen luona olevassa lomakyl\u00e4ss\u00e4 (<a href=\"https:\/\/valaste.eu\/majutus-2\/\">Valaste p\u00fchkek\u00fcla<\/a>) on pieni leirint\u00e4alue s\u00e4hk\u00f6paikkoineen. Kivi\u00f5lin suunnalla leirint\u00e4aluepalveluita tarjoaa <a href=\"https:\/\/tuhamaehostel.com\/en\/majutus\/lisateenused\/\">Tuham\u00e4e Hostel<\/a>, joka sijaitsee aivan <a href=\"https:\/\/seikluskeskus.ee\/en\/\">Kivi\u00f5lin Seikkailukeskuksen<\/a> vieress\u00e4. Peipsij\u00e4rven rannalla sijaitseva<a href=\"https:\/\/kauksirand.ee\/services-1\"> Kauksin lomakyl\u00e4<\/a> tarjoaa my\u00f6s palveluja auton kanssa matkaaville.<\/p>\n\n\n\n<figure class=\"wp-block-image size-large\"><img decoding=\"async\" width=\"1024\" height=\"683\" src=\"https:\/\/idaviru.ee\/wp-content\/uploads\/2025\/03\/54400787086_af00330f5a_k-1024x683.jpg\" alt=\"\" class=\"wp-image-2991871\" srcset=\"\/\/idaviru.ee\/wp-content\/uploads\/2025\/03\/54400787086_af00330f5a_k-1024x683.jpg 1024w, \/\/idaviru.ee\/wp-content\/uploads\/2025\/03\/54400787086_af00330f5a_k-300x200.jpg 300w, \/\/idaviru.ee\/wp-content\/uploads\/2025\/03\/54400787086_af00330f5a_k-768x512.jpg 768w, \/\/idaviru.ee\/wp-content\/uploads\/2025\/03\/54400787086_af00330f5a_k-1536x1024.jpg 1536w, \/\/idaviru.ee\/wp-content\/uploads\/2025\/03\/54400787086_af00330f5a_k-600x400.jpg 600w, \/\/idaviru.ee\/wp-content\/uploads\/2025\/03\/54400787086_af00330f5a_k.jpg 2048w\" sizes=\"(max-width: 1024px) 100vw, 1024px\" \/><figcaption class=\"wp-element-caption\">Sakan kartanon tilava leirint\u00e4alue sijaitsee aivan It\u00e4-Viron rantat\u00f6rm\u00e4n p\u00e4\u00e4ll\u00e4<\/figcaption><\/figure>\n\n\n\n<p>Koska Virossa voi vapaasti nukkua autossa tai asuntovaunussa julkisilla pys\u00e4k\u00f6intialueilla, voi matkailija l\u00f6yt\u00e4\u00e4 virallisten leirint\u00e4alueiden lis\u00e4ksi monia kiinnostavia puskaparkkeja. Parhaiten Jaana Vasamalle on j\u00e4\u00e4nyt mieleen kes\u00e4inen y\u00f6pyminen Vasknarvan satamassa Peipsij\u00e4rven ja Narvanjoen kulmassa aivan Viron it\u00e4rajalla. \u201cY\u00f6pymisest\u00e4 tuon sataman kahviautomaatin vieress\u00e4 voisin kirjoittaa joskus vaikka novellin\u201d, Vasama kertoo salaper\u00e4isesti hymyillen. Lis\u00e4ksi h\u00e4n vinkkaa Viron mets\u00e4hallituksen eli RMK:n nuotiopaikoista ja niiden yhteydess\u00e4 olevista siisteist\u00e4 parkkialueista. RMK:n nettisivuilta l\u00f6ytyy hyv\u00e4<a href=\"https:\/\/rmk.ee\/en\/exploring-nature\/where-to-go\/\"> hakutoiminto<\/a>, jota kannattaa hy\u00f6dynt\u00e4\u00e4. Kiinnostavia nuotio- ja y\u00f6pymispaikkoja l\u00f6ytyy erityisesti Alutagusen laajan kansallispuiston eri alueilta.&nbsp;<\/p>\n\n\n\n<h2 class=\"wp-block-heading\">Miss\u00e4 kannattaisi k\u00e4yd\u00e4?<\/h2>\n\n\n\n<p>Suosituksia vierailukohteista Jaana Vasamalla on runsaasti: \u201cSaunomisesta kiinnostuneiden kannattaa suunnata<a href=\"https:\/\/www.lammasmae.ee\/\"> Lammasm\u00e4en lomakeskukseen<\/a>, jossa l\u00f6ytyy jokaiselle matkailijalle kiinnostava saunakokemus.\u201d Lammasm\u00e4en lomakeskus sijaitsee L\u00e4nsi- ja It\u00e4-Virumaan maakuntien rajalla kauniin luonnon keskell\u00e4, Kundajoen varrella ja on tunnettu juuri rauhaisasta tunnelmasta ja mieliinpainuvista saunael\u00e4myksist\u00e4.<\/p>\n\n\n\n<p>Musiikin yst\u00e4ville on Viron musiikkitapahtumia kiert\u00e4neell\u00e4 Vasamalla yksi suositus ylitse muiden: \u201cKalenteriin kannattaa merkit\u00e4 jo nyt 26.7.2025, jolloin<a href=\"https:\/\/narva-joesuujazz.ee\/fi\/\"> Narva-J\u00f5esuu Jazzissa<\/a> voi yhden p\u00e4iv\u00e4n aikana nauttia huikean hienon kattauksen kansainv\u00e4lisi\u00e4 jazz-t\u00e4hti\u00e4. T\u00e4t\u00e4 ei todellakaan kannata missata\u201d, Vasama painottaa. \u201cLis\u00e4ksi Sillam\u00e4en rantapromenadi on kohde, joka ei j\u00e4t\u00e4 ket\u00e4\u00e4n kylm\u00e4ksi. J\u00f5hvi, Viron kaivosmuseo, Narvan bastionit, Hermannin linna\u2026 mielenkiintoisia kohteita on niin paljon, ett\u00e4 It\u00e4-Virumaata ei saa valmiiksi yhdell\u00e4 kerralla, joten sinne on tultava uudestaan ja uudestaan.\u201d, kertoo Vasama.<\/p>\n\n\n\n<p>Varsinais-Suomen suunnalla oleville lukijoille viel\u00e4 kaksi menot\u00e4rppi\u00e4: Jaana Vasama kertoo Viron matkoistaan ja jakaa vinkkej\u00e4 autoilijoille ja karavaanareille kev\u00e4\u00e4n aikana kahdessa paikassa:&nbsp;<\/p>\n\n\n\n<ul class=\"wp-block-list\">\n<li>Turun Panimoravintola Koulun Historia-luokassa keskiviikkona 23.4. kello 18&nbsp;<\/li>\n\n\n\n<li>Uudenkaupungin monitoimitalo Wintteriss\u00e4 torstaina 8.5. kello 18.&nbsp;<\/li>\n<\/ul>\n\n\n\n<figure class=\"wp-block-image size-large\"><img loading=\"lazy\" decoding=\"async\" width=\"1024\" height=\"683\" src=\"https:\/\/idaviru.ee\/wp-content\/uploads\/2025\/03\/54400787156_b351ba6019_k-1024x683.jpg\" alt=\"\" class=\"wp-image-2991881\" srcset=\"\/\/idaviru.ee\/wp-content\/uploads\/2025\/03\/54400787156_b351ba6019_k-1024x683.jpg 1024w, \/\/idaviru.ee\/wp-content\/uploads\/2025\/03\/54400787156_b351ba6019_k-300x200.jpg 300w, \/\/idaviru.ee\/wp-content\/uploads\/2025\/03\/54400787156_b351ba6019_k-768x512.jpg 768w, \/\/idaviru.ee\/wp-content\/uploads\/2025\/03\/54400787156_b351ba6019_k-1536x1024.jpg 1536w, \/\/idaviru.ee\/wp-content\/uploads\/2025\/03\/54400787156_b351ba6019_k-600x400.jpg 600w, \/\/idaviru.ee\/wp-content\/uploads\/2025\/03\/54400787156_b351ba6019_k.jpg 2048w\" sizes=\"(max-width: 1024px) 100vw, 1024px\" \/><\/figure>\n\n\n\n<h2 class=\"wp-block-heading\">Hy\u00f6dynn\u00e4 valmiita karavaanireittej\u00e4<\/h2>\n\n\n\n<p>Jos suunnittelet karavaanimatkaa It\u00e4-Viroon, suosittelemme l\u00e4mpim\u00e4sti tutustumaan kahteen valmiiseen karavaanireittiin, jotka l\u00f6yd\u00e4t nettisivuiltamme. Niille on koottu niin kiinnostavat k\u00e4yntikohteet, majoitusmahdollisuudet kuin paljon k\u00e4yt\u00e4nn\u00f6n tietoa karavaanireissun onnistumisen tueksi.&nbsp;<\/p>\n\n\n\n<p><a href=\"https:\/\/idaviru.ee\/fi\/mita-tapahtuu\/#language=fi&amp;center=27.687169%252C59.407330&amp;zoom=8.923&amp;object_id=2948836&amp;trip_suggestion_id=2948173\">Ensimm\u00e4inen reitt<\/a>i kulkee It\u00e4-Virumaan pohjoisosissa Narvasta Narva-J\u00f5esuun ja Sillam\u00e4en kautta Toilaan ja edelleen Valasten putoukselle sek\u00e4 Kohtla-J\u00e4rven ja Viron kaivosmuseon suuntaan. Reitill\u00e4 p\u00e4\u00e4set kokemaan Viron t\u00f6rm\u00e4rannikon koko komeudessaan ja voit katsella Suomenlahtea korkeudelta, joka Suomessa ei ole edes mahdollista. Toisaalta reitti vie my\u00f6s maan uumeniin ja kaivosk\u00e4yt\u00e4viin asti, joiden kautta p\u00e4\u00e4set tutustumaan It\u00e4-Viron poikkeukselliseen teollisuushistoriaan.&nbsp;<\/p>\n\n\n<div class=\"wp-block-image\">\n<figure class=\"aligncenter size-large is-resized\"><img loading=\"lazy\" decoding=\"async\" width=\"1024\" height=\"673\" src=\"https:\/\/idaviru.ee\/wp-content\/uploads\/2025\/03\/Kuva-23.3.2025-klo-7.11-1024x673.jpg\" alt=\"\" class=\"wp-image-2991887\" style=\"width:600px\" srcset=\"\/\/idaviru.ee\/wp-content\/uploads\/2025\/03\/Kuva-23.3.2025-klo-7.11-1024x673.jpg 1024w, \/\/idaviru.ee\/wp-content\/uploads\/2025\/03\/Kuva-23.3.2025-klo-7.11-300x197.jpg 300w, \/\/idaviru.ee\/wp-content\/uploads\/2025\/03\/Kuva-23.3.2025-klo-7.11-768x505.jpg 768w, \/\/idaviru.ee\/wp-content\/uploads\/2025\/03\/Kuva-23.3.2025-klo-7.11-1536x1009.jpg 1536w, \/\/idaviru.ee\/wp-content\/uploads\/2025\/03\/Kuva-23.3.2025-klo-7.11-600x394.jpg 600w, \/\/idaviru.ee\/wp-content\/uploads\/2025\/03\/Kuva-23.3.2025-klo-7.11.jpg 1540w\" sizes=\"(max-width: 1024px) 100vw, 1024px\" \/><figcaption class=\"wp-element-caption\">Etel\u00e4inen, Peipsij\u00e4rvelle kulkeva karavaanireitti<\/figcaption><\/figure>\n<\/div>\n\n\n<p><a href=\"https:\/\/idaviru.ee\/fi\/mita-tapahtuu\/#language=fi&amp;center=27.131783%252C59.243251&amp;zoom=8.6&amp;object_id=2948836&amp;trip_suggestion_id=2948977\">Toinen reitti<\/a> l\u00e4htee Sakan kartanolta kohti It\u00e4-Virumaan etel\u00e4osia ja mahtavaa Peipsij\u00e4rven rantaa. Jopa sinne kuuluisalle Vasknarvan kahviautomaatille saavutaan \u2013 joskin kyl\u00e4n keskiaikaisen ritarilinnan rauniot, upea jokimaisema ja kev\u00e4\u00e4ll\u00e4 satamaan valmistuva lintutorni saattavat monien mielest\u00e4 olla alueen kiinnostavinta antia. Alutagusen kansallispuisto ja sen Kauksissa sijaitseva luontokeskus ovat ehdottomasti k\u00e4ymisen arvoisia kohteita, samoin kuin tietysti Peipsij\u00e4rven \u201claulava hiekkaranta\u201d.&nbsp;<\/p>\n\n\n\n<p>Ennen karavaanimatkaa It\u00e4-Viroon kannattaa ilman muuta lukea my\u00f6s tuhti tietopakettimme<a href=\"https:\/\/idaviru.ee\/fi\/kuinka-tulla\/\"> \u201cN\u00e4in saavut It\u00e4-Viroon\u201d<\/a>, jossa on paljon k\u00e4yt\u00e4nn\u00f6n tietoa liikkumisesta Virossa.&nbsp;<\/p>\n\n\n\n<p>Tervetuloa It\u00e4-Viroon!<\/p>\n","protected":false},"excerpt":{"rendered":"<p>It\u00e4-Viro on mainio alue asuntoauton tai -vaunun kanssa liikkujalle: matka Tallinnasta k\u00e4y joutuisasti, v\u00e4limatkat ovat lyhyit\u00e4 ja n\u00e4ht\u00e4v\u00e4\u00e4 paljon. Haastattelimme It\u00e4-Virumaan karavaanireiteill\u00e4 liikkunutta Jaana Vasamaa, jonka moni Viron-yst\u00e4v\u00e4 tuntee Tuglas-seuran toiminnanjohtajana ja Suomen ja Viron suhteiden edist\u00e4misen monitoiminaisena.&nbsp; \u201cKaravaanimatkailu It\u00e4-Virumaalla on todella mielenkiintoista, koska siell\u00e4 on niin paljon erilaista n\u00e4ht\u00e4v\u00e4\u00e4 ja koettavaa\u201d, toteaa Jaana Vasama [&hellip;]<\/p>\n","protected":false},"author":46,"featured_media":2991881,"comment_status":"closed","ping_status":"closed","sticky":false,"template":"","format":"standard","meta":{"_acf_changed":false,"inline_featured_image":false,"footnotes":""},"categories":[22,227],"tags":[979,980,981,938,943,949,978],"class_list":["post-2991854","post","type-post","status-publish","format-standard","has-post-thumbnail","hentry","category-blog","category-inspiraatiota","tag-karavaanari-2","tag-asuntovaunu","tag-camping","tag-ita-viro","tag-viro","tag-ita-virumaa","tag-asuntoauto"],"acf":[],"_links":{"self":[{"href":"https:\/\/idaviru.ee\/fi\/wp-json\/wp\/v2\/posts\/2991854","targetHints":{"allow":["GET"]}}],"collection":[{"href":"https:\/\/idaviru.ee\/fi\/wp-json\/wp\/v2\/posts"}],"about":[{"href":"https:\/\/idaviru.ee\/fi\/wp-json\/wp\/v2\/types\/post"}],"author":[{"embeddable":true,"href":"https:\/\/idaviru.ee\/fi\/wp-json\/wp\/v2\/users\/46"}],"replies":[{"embeddable":true,"href":"https:\/\/idaviru.ee\/fi\/wp-json\/wp\/v2\/comments?post=2991854"}],"version-history":[{"count":0,"href":"https:\/\/idaviru.ee\/fi\/wp-json\/wp\/v2\/posts\/2991854\/revisions"}],"wp:featuredmedia":[{"embeddable":true,"href":"https:\/\/idaviru.ee\/fi\/wp-json\/wp\/v2\/media\/2991881"}],"wp:attachment":[{"href":"https:\/\/idaviru.ee\/fi\/wp-json\/wp\/v2\/media?parent=2991854"}],"wp:term":[{"taxonomy":"category","embeddable":true,"href":"https:\/\/idaviru.ee\/fi\/wp-json\/wp\/v2\/categories?post=2991854"},{"taxonomy":"post_tag","embeddable":true,"href":"https:\/\/idaviru.ee\/fi\/wp-json\/wp\/v2\/tags?post=2991854"}],"curies":[{"name":"wp","href":"https:\/\/api.w.org\/{rel}","templated":true}]}}