{"id":2638531,"date":"2022-07-08T17:54:41","date_gmt":"2022-07-08T14:54:41","guid":{"rendered":"https:\/\/idaviru.ee\/?p=2638531"},"modified":"2022-11-22T11:31:08","modified_gmt":"2022-11-22T09:31:08","slug":"sakas-muiza-ziemeligaunijas-piekrastes-klintaja-perle","status":"publish","type":"post","link":"https:\/\/idaviru.ee\/lv\/sakas-muiza-ziemeligaunijas-piekrastes-klintaja-perle\/","title":{"rendered":"Sakas mui\u017ea \u2013 Zieme\u013cigaunijas piekrastes klint\u0101ja P\u0113rle"},"content":{"rendered":"\t\t<div data-elementor-type=\"wp-post\" data-elementor-id=\"2638531\" class=\"elementor elementor-2638531 elementor-2172416\" data-elementor-post-type=\"post\">\n\t\t\t\t\t\t<section class=\"elementor-section elementor-top-section elementor-element elementor-element-2b0316a5 elementor-section-boxed elementor-section-height-default elementor-section-height-default\" data-id=\"2b0316a5\" data-element_type=\"section\" data-e-type=\"section\">\n\t\t\t\t\t\t<div class=\"elementor-container elementor-column-gap-default\">\n\t\t\t\t\t<div class=\"elementor-column elementor-col-100 elementor-top-column elementor-element elementor-element-6eddd619\" data-id=\"6eddd619\" data-element_type=\"column\" data-e-type=\"column\">\n\t\t\t<div class=\"elementor-widget-wrap elementor-element-populated\">\n\t\t\t\t\t\t<div class=\"elementor-element elementor-element-0bd4a78 elementor-widget elementor-widget-text-editor\" data-id=\"0bd4a78\" data-element_type=\"widget\" data-e-type=\"widget\" data-widget_type=\"text-editor.default\">\n\t\t\t\t<div class=\"elementor-widget-container\">\n\t\t\t\t\t\t\t\t\t<p><\/p>\n<p>Grezna vieta ka\u013c\u0137akmens st\u0101vkrast\u0101, kur sastopas dabas varen\u012bba un kult\u016bras mantojums \u2013 no drup\u0101m jaunuzceltais neorenesanses stila savrupnams un ka\u013c\u0137akmens st\u0101vkrasts, savulaik atz\u012bts par vienu no Igaunijas nacion\u0101laj\u0101m bag\u0101t\u012bb\u0101m.<\/p>\n<p> <\/p>\n<p><strong>Mui\u017eas atdzim\u0161ana<\/strong><\/p>\n<p> <\/p>\n<p>Mui\u017ea atrodas Sak\u0101, celta gandr\u012bz pirms 400 gadiem, kad Zviedrijas karalis Gustavs II \u0100dolfs uzd\u0101vin\u0101ja \u0161o zemi Jirgenam Leslijam no Skotijas. Leslijs bija Narvas m\u0113rs vair\u0101k nek\u0101 divdesmit gadus, bet galvenok\u0101rt dz\u012bvoja sav\u0101 mui\u017e\u0101 Sak\u0101. P\u0113d\u0113jais mui\u017eas \u012bpa\u0161nieks\u00a0 Men\u0101ras L\u0113viss, kuram ar\u012b bija skotu saknes, Igauniju pameta 1939. gad\u0101.<\/p>\n<p> <\/p>\n<p>Mui\u017eas komplekss Sak\u0101 ir v\u0101cbaltie\u0161u mantojums, ta\u010du tie\u0161i tagad\u0113jais t\u0101s \u012bpa\u0161nieks T\u00f5nis K\u0101siks atgrieza laika zoba noplucin\u0101tajai mui\u017eai t\u0101s k\u0101dreiz\u0113jo kr\u0101\u0161\u0146umu, papildinot ar pirm\u0161\u0137ir\u012bgu restor\u0101nu, greznu balles z\u0101li, autentiski iek\u0101rtotiem luksusa numuriem, labsaj\u016btas SPA un izcilu parka zonu.<\/p>\n<p> <\/p>\n<p>Renov\u0101cijas gait\u0101 biju\u0161ais padomju laika krasta apsardzes tornis tika p\u0101rveidots par konferen\u010du centru, savuk\u0101rt milit\u0101r\u0101 noliktava &#8211; p\u0101rveidota par kempinga m\u0101ji\u0146u ar\u00a0 tualet\u0113m un du\u0161\u0101m kemperu ce\u013cot\u0101jiem. Ir ar\u012b izveidota estr\u0101de vasaras koncertiem un br\u012bvdabas izr\u0101d\u0113m, kas tika uzcelta uz biju\u0161\u0101 milit\u0101r\u0101 poligona.<\/p>\n<p> <\/p>\n<p>\u012apa\u0161ums k\u0101dreiz kalpoja k\u0101 padomju karasp\u0113ka krasta apsardzes kazarmas, bet tagad ir k\u013cuvis par Zieme\u013cigaunijas piekrastes klint\u0101ja P\u0113rli.<\/p>\n<p> <\/p>\n<p><strong>Naktsm\u0101jas, \u0113stuves un skaistie skati<\/strong><\/p>\n<p> <\/p>\n<p>Lai apmierin\u0101tu\u00a0 apmekl\u0113t\u0101ju da\u017e\u0101d\u0101s vajadz\u012bbas, Saka pied\u0101v\u0101 ne tikai greznus &#8220;suite&#8221; numurus, bet ar\u012b citas nak\u0161\u0146o\u0161anas iesp\u0113jas. Ja v\u0113laties justies vienots ar dabu, varat apmesties uz nakti k\u0101d\u0101 no mui\u017eas pal\u012bg\u0113k\u0101m, kur savulaik atrad\u0101s krasta apsardzes apartamenti, pieejamas ir ar\u012b kemperu apme\u0161an\u0101s vietas, kempinga telpas un tr\u012bszvaig\u017e\u0146u viesn\u012bcas numuri\u0146i.<\/p>\n<p> <\/p>\n<p>Gardas pusdienas vai vakari\u0146as J\u016bs gaida Sakas mui\u017eas restor\u0101n\u0101, kas ir atv\u0113rts ikvienam ce\u013cot\u0101jam. Restor\u0101ns ir iecien\u012bts vis\u0101 Igaunij\u0101 ar saviem gardajiem \u0113dieniem, t\u0101p\u0113c galdi\u0146u ieteicams rezerv\u0113t laikus.<\/p>\n<p> <\/p>\n<p>P\u0113c s\u0101t\u012bgas malt\u012btes varat pamielot acis no viesn\u012bcas k\u0101pn\u0113m uz lekno simtj\u016bd\u017eu klint\u0101ja me\u017eu, kas ar\u012b tiek uzskat\u012bts\u00a0 par Zieme\u013cvalstu lietus me\u017eu. Zem\u0101k eso\u0161\u0101 Sakas pludmale ir viena no iecien\u012bt\u0101kaj\u0101m viet\u0101m dabas fotogr\u0101fiem, t\u0101d\u0113\u013c izbaudiet dabas varen\u012bbu un iem\u016b\u017einiet savos foto atmi\u0146u albumos \u0161\u012bs vietas varen\u012bbu.<\/p>\n<p><\/p>\t\t\t\t\t\t\t\t<\/div>\n\t\t\t\t<\/div>\n\t\t\t\t<div class=\"elementor-element elementor-element-f0303f0 elementor-widget elementor-widget-image\" data-id=\"f0303f0\" data-element_type=\"widget\" data-e-type=\"widget\" data-widget_type=\"image.default\">\n\t\t\t\t<div class=\"elementor-widget-container\">\n\t\t\t\t\t\t\t\t\t\t\t\t\t\t\t<img decoding=\"async\" src=\"https:\/\/idaviru.ee\/wp-content\/uploads\/2022\/07\/Saka-mo\u0303is_visitestonia_visitidaviru.jpeg\" title=\"Saka-mo\u0303is_visitestonia_visitidaviru\" alt=\"Saka-mo\u0303is_visitestonia_visitidaviru\" loading=\"lazy\" \/>\t\t\t\t\t\t\t\t\t\t\t\t\t\t\t<\/div>\n\t\t\t\t<\/div>\n\t\t\t\t\t<\/div>\n\t\t<\/div>\n\t\t\t\t\t<\/div>\n\t\t<\/section>\n\t\t\t\t<section class=\"elementor-section elementor-top-section elementor-element elementor-element-db4bdba elementor-section-boxed elementor-section-height-default elementor-section-height-default\" data-id=\"db4bdba\" data-element_type=\"section\" data-e-type=\"section\">\n\t\t\t\t\t\t<div class=\"elementor-container elementor-column-gap-default\">\n\t\t\t\t\t<div class=\"elementor-column elementor-col-50 elementor-top-column elementor-element elementor-element-7b9df5b\" data-id=\"7b9df5b\" data-element_type=\"column\" data-e-type=\"column\">\n\t\t\t<div class=\"elementor-widget-wrap\">\n\t\t\t\t\t\t\t<\/div>\n\t\t<\/div>\n\t\t\t\t<div class=\"elementor-column elementor-col-50 elementor-top-column elementor-element elementor-element-c378e6c\" data-id=\"c378e6c\" data-element_type=\"column\" data-e-type=\"column\">\n\t\t\t<div class=\"elementor-widget-wrap elementor-element-populated\">\n\t\t\t\t\t\t<div class=\"elementor-element elementor-element-c0af407 elementor-widget elementor-widget-image\" data-id=\"c0af407\" data-element_type=\"widget\" data-e-type=\"widget\" data-widget_type=\"image.default\">\n\t\t\t\t<div class=\"elementor-widget-container\">\n\t\t\t\t\t\t\t\t\t\t\t\t\t\t\t<img fetchpriority=\"high\" decoding=\"async\" width=\"550\" height=\"388\" src=\"https:\/\/idaviru.ee\/wp-content\/uploads\/2022\/07\/RM_Reg_logo_sm.jpg\" class=\"attachment-large size-large wp-image-2819801\" alt=\"\" srcset=\"\/\/idaviru.ee\/wp-content\/uploads\/2022\/07\/RM_Reg_logo_sm.jpg 550w, \/\/idaviru.ee\/wp-content\/uploads\/2022\/07\/RM_Reg_logo_sm-300x212.jpg 300w, \/\/idaviru.ee\/wp-content\/uploads\/2022\/07\/RM_Reg_logo_sm-85x60.jpg 85w, \/\/idaviru.ee\/wp-content\/uploads\/2022\/07\/RM_Reg_logo_sm-128x90.jpg 128w\" sizes=\"(max-width: 550px) 100vw, 550px\" \/>\t\t\t\t\t\t\t\t\t\t\t\t\t\t\t<\/div>\n\t\t\t\t<\/div>\n\t\t\t\t\t<\/div>\n\t\t<\/div>\n\t\t\t\t\t<\/div>\n\t\t<\/section>\n\t\t\t\t<\/div>\n\t\t","protected":false},"excerpt":{"rendered":"<p>Grezna vieta ka\u013c\u0137akmens st\u0101vkrast\u0101, kur sastopas dabas varen\u012bba un kult\u016bras mantojums \u2013 no drup\u0101m jaunuzceltais neorenesanses stila savrupnams un ka\u013c\u0137akmens st\u0101vkrasts, savulaik atz\u012bts par vienu no Igaunijas nacion\u0101laj\u0101m bag\u0101t\u012bb\u0101m. Mui\u017eas atdzim\u0161ana Mui\u017ea atrodas Sak\u0101, celta gandr\u012bz pirms 400 gadiem, kad Zviedrijas karalis Gustavs II \u0100dolfs uzd\u0101vin\u0101ja \u0161o zemi Jirgenam Leslijam no Skotijas. Leslijs bija Narvas [&hellip;]<\/p>\n","protected":false},"author":31,"featured_media":2638544,"comment_status":"closed","ping_status":"closed","sticky":false,"template":"","format":"standard","meta":{"_acf_changed":false,"inline_featured_image":false,"footnotes":""},"categories":[775],"tags":[],"class_list":["post-2638531","post","type-post","status-publish","format-standard","has-post-thumbnail","hentry","category-iedvesmai"],"acf":[],"_links":{"self":[{"href":"https:\/\/idaviru.ee\/lv\/wp-json\/wp\/v2\/posts\/2638531","targetHints":{"allow":["GET"]}}],"collection":[{"href":"https:\/\/idaviru.ee\/lv\/wp-json\/wp\/v2\/posts"}],"about":[{"href":"https:\/\/idaviru.ee\/lv\/wp-json\/wp\/v2\/types\/post"}],"author":[{"embeddable":true,"href":"https:\/\/idaviru.ee\/lv\/wp-json\/wp\/v2\/users\/31"}],"replies":[{"embeddable":true,"href":"https:\/\/idaviru.ee\/lv\/wp-json\/wp\/v2\/comments?post=2638531"}],"version-history":[{"count":0,"href":"https:\/\/idaviru.ee\/lv\/wp-json\/wp\/v2\/posts\/2638531\/revisions"}],"wp:featuredmedia":[{"embeddable":true,"href":"https:\/\/idaviru.ee\/lv\/wp-json\/wp\/v2\/media\/2638544"}],"wp:attachment":[{"href":"https:\/\/idaviru.ee\/lv\/wp-json\/wp\/v2\/media?parent=2638531"}],"wp:term":[{"taxonomy":"category","embeddable":true,"href":"https:\/\/idaviru.ee\/lv\/wp-json\/wp\/v2\/categories?post=2638531"},{"taxonomy":"post_tag","embeddable":true,"href":"https:\/\/idaviru.ee\/lv\/wp-json\/wp\/v2\/tags?post=2638531"}],"curies":[{"name":"wp","href":"https:\/\/api.w.org\/{rel}","templated":true}]}}