{"id":2684039,"date":"2022-08-11T11:24:54","date_gmt":"2022-08-11T08:24:54","guid":{"rendered":"https:\/\/idaviru.ee\/?p=2684039"},"modified":"2023-07-10T12:25:22","modified_gmt":"2023-07-10T09:25:22","slug":"igaunija-notiek-vi-narvas-operas-dienas-kuru-programmas-toni-nosaka-pirmatskanojumi-un-viesu-saraksta-ir-lietuvas-opera","status":"publish","type":"post","link":"https:\/\/idaviru.ee\/lv\/igaunija-notiek-vi-narvas-operas-dienas-kuru-programmas-toni-nosaka-pirmatskanojumi-un-viesu-saraksta-ir-lietuvas-opera\/","title":{"rendered":"Igaunij\u0101 notiek VI Narvas Operas dienas, kuru programmas toni nosaka pirmatska\u0146ojumi, un viesu sarakst\u0101 ir Lietuvas Opera"},"content":{"rendered":"\n<p><strong>01.-04.09.2022. Igaunijas un Eiropas Savien\u012bbas robe\u017epils\u0113t\u0101 Narv\u0101 norisin\u0101sies VI Narvas Operas dienas (narvaopera.ee). Festiv\u0101ls pied\u0101v\u0101s skat\u012bt\u0101ju v\u0113rt\u0113jumam Igaunijas-Somijas kopdarba \u2013 baleta \u201cFlesh\u201d pirmizr\u0101di, Stravinska operas-oratorijas \u201cOedipus Rex\u201d pirmizr\u0101di Igaunij\u0101, \u010caikovska operas \u201cJevge\u0146ijs O\u0146egins\u201d izr\u0101di Lietuvas m\u0101kslinieku izpild\u012bjum\u0101, k\u0101 ar\u012b gadu desmitiem paz\u012bstam\u0101 igau\u0146u dzied\u0101t\u0101ja Te\u0146a Megi (T\u00f5nis M\u00e4gi) jaun\u0101 albuma prezent\u0101cijas koncertu. Festiv\u0101lu atkl\u0101s starptautisks operas Gal\u0101 koncerts Narvas Kr\u0113nholmas manufakt\u016bras v\u0113sturiskaj\u0101 teritorij\u0101, kur uz ned\u0113\u013cas nogali tiks uzst\u0101d\u012bta operas telts. Festiv\u0101la laik\u0101 apmekl\u0113t\u0101ji var\u0113s piedal\u012bties ar\u012b ekskursij\u0101s.<\/strong><\/p>\n\n\n\n<p>\u201cSpeci\u0101li Narvas Operas dien\u0101m tiek gatavota Igaunijas Nacion\u0101l\u0101s operas \u201cEstonia\u201d vado\u0161\u0101 dejot\u0101ja Jevge\u0146ija Griba baleta \u201cFlesh\u201d pasaules pirmizr\u0101de, kas top sadarb\u012bb\u0101 ar Somijas \u0101r\u0161tata baleta m\u0101kslinieku D\u017eeku Treilenu (Jack Traylen). Otrs jauniestud\u0113jums ir Stravinska opera-oratorija \u201cOodipus Rex\u201d, kuras pirmizr\u0101d\u0113 piedal\u012bsies Igaunijas un Islandes solisti, Igaunijas Nacion\u0101lais v\u012bru koris un Narvas Simfoniskais or\u0137estris diri\u0123enta Anatolija \u0160t\u0161ura vad\u012bb\u0101,\u201d st\u0101sta Narvas Operas dienu m\u0101ksliniecisk\u0101 vad\u012bt\u0101ja Julia Savitska.<\/p>\n\n\n\n<figure class=\"wp-block-image size-large\"><img fetchpriority=\"high\" decoding=\"async\" width=\"1024\" height=\"682\" src=\"https:\/\/idaviru.ee\/wp-content\/uploads\/2022\/08\/Narva-Opera-Festival-photo-by-Ilja-Smirnov-2021-1024x682.jpg\" alt=\"Narva Opera Festival\" class=\"wp-image-2684045\" srcset=\"\/\/idaviru.ee\/wp-content\/uploads\/2022\/08\/Narva-Opera-Festival-photo-by-Ilja-Smirnov-2021-1024x682.jpg 1024w, \/\/idaviru.ee\/wp-content\/uploads\/2022\/08\/Narva-Opera-Festival-photo-by-Ilja-Smirnov-2021-300x200.jpg 300w, \/\/idaviru.ee\/wp-content\/uploads\/2022\/08\/Narva-Opera-Festival-photo-by-Ilja-Smirnov-2021-768x511.jpg 768w, \/\/idaviru.ee\/wp-content\/uploads\/2022\/08\/Narva-Opera-Festival-photo-by-Ilja-Smirnov-2021-600x400.jpg 600w, \/\/idaviru.ee\/wp-content\/uploads\/2022\/08\/Narva-Opera-Festival-photo-by-Ilja-Smirnov-2021-90x60.jpg 90w, \/\/idaviru.ee\/wp-content\/uploads\/2022\/08\/Narva-Opera-Festival-photo-by-Ilja-Smirnov-2021-135x90.jpg 135w, \/\/idaviru.ee\/wp-content\/uploads\/2022\/08\/Narva-Opera-Festival-photo-by-Ilja-Smirnov-2021.jpg 1200w\" sizes=\"(max-width: 1024px) 100vw, 1024px\" \/><figcaption class=\"wp-element-caption\">Narva Opera Festival 2021. Foto Ilja Smirnov<\/figcaption><\/figure>\n\n\n\n<p>\u201cNarvas Operas dienu programm\u0101 katru gadu ir gan pirmizr\u0101des, gan viesizr\u0101des. \u0160ogad pie mums viesosies Lietuvas Opera, kuras m\u0101kslinieku un starptautisk\u0101s solistu grupas izpild\u012bjum\u0101 uz Kr\u0113nholmas manufakt\u016bras skatuves b\u016bs skat\u0101ma pasaulslaven\u0101 \u010caikovska opera \u201cJevge\u0146ijs O\u0146egins\u201d,\u201d turpina festiv\u0101la m\u0101ksliniecisk\u0101 vad\u012bt\u0101ja.<\/p>\n\n\n\n<p>P\u0113c Savitskas teikt\u0101 Narvas Operas dienu 2022. gada programm\u0101 ir iek\u013cauti kult\u016bras gardumi da\u017e\u0101d\u0101m gaum\u0113m. &nbsp;\u201cM\u0113s apzin\u0101ti esam izv\u0113l\u0113ju\u0161ies pied\u0101v\u0101t Narvas un Austrumviru re\u0123iona cilv\u0113kiem muzik\u0101lo te\u0101tri, ko vi\u0146i aizvien vair\u0101k var uzskat\u012bt par sav\u0113jo. T\u0101pat m\u0113s v\u0113l aizvien v\u0113lamies b\u016bt par iemeslu t\u016bristu apmekl\u0113jumiem no visas Igaunijas. Operas dienu laik\u0101 pils\u0113tas viesus gaid\u012bs ar\u012b kafejn\u012bcas un restor\u0101ni, tiks pied\u0101v\u0101tas izmitin\u0101\u0161anas iesp\u0113jas, bet Narvas Kr\u0113nholmas manufakt\u016br\u0101 notiks ekskursijas,\u201d vi\u0146a st\u0101sta.<\/p>\n\n\n\n<h2 class=\"wp-block-heading\"><strong>Pirmizr\u0101des un viesizr\u0101des Narvas Operas dienu programm\u0101:<\/strong><\/h2>\n\n\n\n<p><strong>C, 1. septembr\u012b plkst. 19 \u2013 Festiv\u0101la atkl\u0101\u0161anas pas\u0101kums: starptautisks operas Gal\u0101 koncerts&nbsp;<\/strong><\/p>\n\n\n\n<p>Piedal\u0101s solisti Julija Karali\u016bnait\u0117 no Lietuvas, Sandra L\u0101gus (Sandra Laagus) un Tambets Kikass (Tambet Kikas) no Igaunijas, k\u0101 ar\u012b Gisurs Palls Gisurarsons (Gissur Pall Gissurarson) no Islandes. Grandiozaj\u0101 un greznaj\u0101 koncert\u0101 solistus pavad\u012bs Narvas Simfoniskais or\u0137estris diri\u0123enta Anatolija \u0160t\u0161ura vad\u012bb\u0101.<\/p>\n\n\n\n<p><strong>Pk, 2. septembr\u012b plkst. 19 \u2013 Baleta vakars: \u201cFlesh\u201d (pasaules pirmizr\u0101de) un \u201cTango\u201d<\/strong><\/p>\n\n\n\n<p>Igaunijas Nacion\u0101l\u0101s operas \u201cEstonia\u201d vado\u0161\u0101 dejot\u0101ja Jevge\u0146ija Griba baleta \u201cFlesh\u201d, kas tapis sadarb\u012bb\u0101 ar Somijas \u0101r\u0161tata baleta m\u0101kslinieku D\u017eeku Treilenu, pasaules pirmizr\u0101de.} T\u0101pat baleta vakar\u0101 skat\u012bt\u0101ji var\u0113s noskat\u012bties J. Griba \u012bso baletu \u201cTango\u201d, kas jau paz\u012bstams no Nacion\u0101l\u0101s operas \u201cEstonia\u201d repertu\u0101ra.<\/p>\n\n\n\n<p><strong>S, 3. septembr\u012b plkst. 19 \u2013 \u010caikovska opera \u201cJevge\u0146ijs O\u0146egins\u201d (Lietuva)<\/strong><\/p>\n\n\n\n<p>S\u0101kotn\u0113ji grandiozais uzvedums tika izr\u0101d\u012bts skat\u012bt\u0101jiem Bratninkai bazn\u012bcas drup\u0101s (pie Lietuvas dienvidu robe\u017eas, tie\u0161i blakus Krievijas Ka\u013ci\u0146ingradas administrat\u012bvajam rajonam). Ar\u012b Narvas Kr\u0113nholmas manufakt\u016bra ir tik pat ekstr\u0113ma, tom\u0113r pasaulslaven\u0101s operas baud\u012b\u0161anai lieliski piem\u0113rota vieta. Izr\u0101d\u0113 piedal\u0101s vair\u0101ki paz\u012bstami viesm\u0101kslinieki \u2013 Tatjanas lom\u0101 ir Lietuvas un Zieme\u013cvalstu operte\u0101tros paz\u012bstamais sopr\u0101ns Julija Karali\u016bnait\u0117, savuk\u0101rt O\u0146egina lom\u0101 b\u016bs redzams bass-baritons, komponists, muzik\u0101lo te\u0101tru producents un kop\u0161 2018. gada Lietuvas Nacion\u0101l\u0101 operas un baleta te\u0101tra \u0123ener\u0101ldirektors Jonas Sakalauskas.&nbsp;<\/p>\n\n\n\n<p><strong>S, 3. septembr\u012b plkst. 21.30 \u2013 Tenis Megi \u201cRomance\u201d (\u201e\u0420\u043e\u043c\u0430\u043d\u0441\u201d ) (albuma prezent\u0101cija)<\/strong><\/p>\n\n\n\n<p>Te\u0146a Megi autorkoncerts, kur\u0101 skan\u0113s m\u016bzika no paz\u012bstam\u0101 dzied\u0101t\u0101ja jaun\u0101 albuma \u201e\u0420\u043e\u043c\u0430\u043d\u0441\u201d. Albuma tituldziesma ir no \u010caikovska izr\u0101des \u201cTr\u012bs m\u0101sas\u201d (re\u017eisors Miks Mikivers), kura tika uzvesta pirms p\u0101rdesmit gadiem, un kur\u0101 Megi t\u0113loja Tusenbahu.&nbsp;Koncert\u0101 skan\u0113s Te\u0146a Megi dziesmas krievu valod\u0101.<\/p>\n\n\n\n<p><strong>Sv, 4. septembr\u012b plkst. 15 \u2013 Stravinska opera-oratorija \u201cOedipus Rex\u201d (pirmizr\u0101de)<\/strong><\/p>\n\n\n\n<p>Grie\u0137u tra\u0123\u0113diju par T\u0113bas valdnieku Oidipu operas versij\u0101 ir iestud\u0113jis Ots \u0100rdams (Ott Aardam). Solisti: T\u016bri Dede (Tuuri Dede), Atlans Karps (Atlan Karp) un Gisurs Palls Gisurarsons, izr\u0101d\u0113 piedal\u0101s ar\u012b Igaunijas Nacion\u0101lais v\u012bru koris un Narvas Simfoniskais or\u0137estris Anatolija \u0160t\u0161ura vad\u012bb\u0101.<\/p>\n\n\n\n<h2 class=\"wp-block-heading\"><strong>Festiv\u0101ls norisin\u0101s v\u0113sturiskaj\u0101 Narvas Kr\u0113nholmas manufakt\u016br\u0101, kur tiek pied\u0101v\u0101ta iesp\u0113ja piedal\u012bties ar\u012b ekskursij\u0101s.<\/strong><\/h2>\n\n\n\n<figure class=\"wp-block-image size-large\"><img decoding=\"async\" width=\"1024\" height=\"682\" src=\"https:\/\/idaviru.ee\/wp-content\/uploads\/2022\/08\/Narva-Kreenholm-the-venue-of-Narva-Opera-Festival-photo-by-Ilja-Smirnov-2021-1024x682.jpg\" alt=\"\" class=\"wp-image-2684040\" srcset=\"\/\/idaviru.ee\/wp-content\/uploads\/2022\/08\/Narva-Kreenholm-the-venue-of-Narva-Opera-Festival-photo-by-Ilja-Smirnov-2021-1024x682.jpg 1024w, \/\/idaviru.ee\/wp-content\/uploads\/2022\/08\/Narva-Kreenholm-the-venue-of-Narva-Opera-Festival-photo-by-Ilja-Smirnov-2021-300x200.jpg 300w, \/\/idaviru.ee\/wp-content\/uploads\/2022\/08\/Narva-Kreenholm-the-venue-of-Narva-Opera-Festival-photo-by-Ilja-Smirnov-2021-768x511.jpg 768w, \/\/idaviru.ee\/wp-content\/uploads\/2022\/08\/Narva-Kreenholm-the-venue-of-Narva-Opera-Festival-photo-by-Ilja-Smirnov-2021-600x400.jpg 600w, \/\/idaviru.ee\/wp-content\/uploads\/2022\/08\/Narva-Kreenholm-the-venue-of-Narva-Opera-Festival-photo-by-Ilja-Smirnov-2021-90x60.jpg 90w, \/\/idaviru.ee\/wp-content\/uploads\/2022\/08\/Narva-Kreenholm-the-venue-of-Narva-Opera-Festival-photo-by-Ilja-Smirnov-2021-135x90.jpg 135w, \/\/idaviru.ee\/wp-content\/uploads\/2022\/08\/Narva-Kreenholm-the-venue-of-Narva-Opera-Festival-photo-by-Ilja-Smirnov-2021.jpg 1200w\" sizes=\"(max-width: 1024px) 100vw, 1024px\" \/><\/figure>\n\n\n\n<p>Narvas Operas dienas norisin\u0101s pirms 165 gadiem b\u016bv\u0113t\u0101s, tolaikEiropas liel\u0101k\u0101s tekstilr\u016bpn\u012bcas&nbsp;\u2014&nbsp;Kr\u0113nholmas manufakt\u016bras drup\u0101s. Savulaik Kr\u0113nholmas manufakt\u016bras kori vad\u012bja Georga Otsa vect\u0113vs. Tagad v\u0113sturisko vidi ik septembri piepilda m\u016bsdienu operas ska\u0146as un modernais balets Igau\u0146u un tuv\u0101ko kaimi\u0146valstu m\u0101kslinieku izpild\u012bjum\u0101. Narvas Operas dien\u0101s satiekas rietumi un austrumi, v\u0113sture un m\u016bsdienas, aristokr\u0101tija un boh\u0113ma, un pamest\u0101s ra\u017eo\u0161anas telpas piepilda pasaules muzik\u0101lo te\u0101tru jaun\u0101k\u0101s v\u0113smas. Kr\u0113nholmas ciemat\u0101 ir saj\u016btama gan cara laika dvesma un padomju laika svin\u012bgums, gan \u0161odienas kosmopol\u012btiskais gars. \u0160eit drosm\u012bgs avangards satiekas ar lab\u0101kaj\u0101m trad\u012bcij\u0101m.<\/p>\n\n\n\n<p>No sarkaniem \u0137ie\u0123e\u013ciem b\u016bv\u0113taj\u0101 \u0113ku kompleks\u0101, no kura tor\u0146a paveras elpu aizraujo\u0161s skats uz apk\u0101rtni. Joalas fabrik\u0101, kas bija p\u0113d\u0113j\u0101 Kr\u0113nholmas kompleksa str\u0101d\u0101jo\u0161\u0101 vien\u012bba, ir maksim\u0101li saglab\u0101jusies k\u0101dreiz\u0113j\u0101 uz\u0146\u0113muma vienreiz\u0113j\u0101 atmosf\u0113ra: sienas ir pies\u0101tin\u0101tas ar v\u0113rp\u0161anas darbagaldu dunu, bet trepju pak\u0101pieni v\u0113l aizvien atmin\u0101s p\u0113du simtus, kas pa t\u0101m p\u0101rvietoj\u0101s aug\u0161up un lejup.&nbsp; Festiv\u0101la ietvaros notiks ar\u012b ekskursijas, kuru laik\u0101 apmekl\u0113t\u0101ji var\u0113s uzzin\u0101t vair\u0101k par fabrikas ziedu laikiem.<\/p>\n\n\n\n<p>Vair\u0101k inform\u0101cijas: <a href=\"http:\/\/www.narvaopera.ee\">www.narvaopera.ee<\/a><\/p>\n\n\n<div class=\"wp-block-image\">\n<figure class=\"alignright size-full is-resized\"><img decoding=\"async\" src=\"https:\/\/idaviru.ee\/wp-content\/uploads\/2020\/12\/RM_Reg_logo_sm.jpg\" alt=\"rahandusministeerium\" class=\"wp-image-2651690\" width=\"301\" height=\"212\" srcset=\"\/\/idaviru.ee\/wp-content\/uploads\/2020\/12\/RM_Reg_logo_sm.jpg 550w, \/\/idaviru.ee\/wp-content\/uploads\/2020\/12\/RM_Reg_logo_sm-300x212.jpg 300w\" sizes=\"(max-width: 301px) 100vw, 301px\" \/><\/figure>\n<\/div>","protected":false},"excerpt":{"rendered":"<p>01.-04.09.2022. Igaunijas un Eiropas Savien\u012bbas robe\u017epils\u0113t\u0101 Narv\u0101 norisin\u0101sies VI Narvas Operas dienas (narvaopera.ee). Festiv\u0101ls pied\u0101v\u0101s skat\u012bt\u0101ju v\u0113rt\u0113jumam Igaunijas-Somijas kopdarba \u2013 baleta \u201cFlesh\u201d pirmizr\u0101di, Stravinska operas-oratorijas \u201cOedipus Rex\u201d pirmizr\u0101di Igaunij\u0101, \u010caikovska operas \u201cJevge\u0146ijs O\u0146egins\u201d izr\u0101di Lietuvas m\u0101kslinieku izpild\u012bjum\u0101, k\u0101 ar\u012b gadu desmitiem paz\u012bstam\u0101 igau\u0146u dzied\u0101t\u0101ja Te\u0146a Megi (T\u00f5nis M\u00e4gi) jaun\u0101 albuma prezent\u0101cijas koncertu. Festiv\u0101lu atkl\u0101s starptautisks [&hellip;]<\/p>\n","protected":false},"author":10,"featured_media":2684045,"comment_status":"closed","ping_status":"closed","sticky":false,"template":"","format":"standard","meta":{"_acf_changed":false,"inline_featured_image":false,"footnotes":""},"categories":[765],"tags":[],"class_list":["post-2684039","post","type-post","status-publish","format-standard","has-post-thumbnail","hentry","category-blog"],"acf":[],"_links":{"self":[{"href":"https:\/\/idaviru.ee\/lv\/wp-json\/wp\/v2\/posts\/2684039","targetHints":{"allow":["GET"]}}],"collection":[{"href":"https:\/\/idaviru.ee\/lv\/wp-json\/wp\/v2\/posts"}],"about":[{"href":"https:\/\/idaviru.ee\/lv\/wp-json\/wp\/v2\/types\/post"}],"author":[{"embeddable":true,"href":"https:\/\/idaviru.ee\/lv\/wp-json\/wp\/v2\/users\/10"}],"replies":[{"embeddable":true,"href":"https:\/\/idaviru.ee\/lv\/wp-json\/wp\/v2\/comments?post=2684039"}],"version-history":[{"count":0,"href":"https:\/\/idaviru.ee\/lv\/wp-json\/wp\/v2\/posts\/2684039\/revisions"}],"wp:featuredmedia":[{"embeddable":true,"href":"https:\/\/idaviru.ee\/lv\/wp-json\/wp\/v2\/media\/2684045"}],"wp:attachment":[{"href":"https:\/\/idaviru.ee\/lv\/wp-json\/wp\/v2\/media?parent=2684039"}],"wp:term":[{"taxonomy":"category","embeddable":true,"href":"https:\/\/idaviru.ee\/lv\/wp-json\/wp\/v2\/categories?post=2684039"},{"taxonomy":"post_tag","embeddable":true,"href":"https:\/\/idaviru.ee\/lv\/wp-json\/wp\/v2\/tags?post=2684039"}],"curies":[{"name":"wp","href":"https:\/\/api.w.org\/{rel}","templated":true}]}}