{"id":2940906,"date":"2023-07-17T10:40:55","date_gmt":"2023-07-17T07:40:55","guid":{"rendered":"https:\/\/idaviru.ee\/?p=2940906"},"modified":"2023-08-31T10:19:16","modified_gmt":"2023-08-31T07:19:16","slug":"iepazistiet-ida-viruma-igaunija-narva-jesu","status":"publish","type":"post","link":"https:\/\/idaviru.ee\/lv\/iepazistiet-ida-viruma-igaunija-narva-jesu\/","title":{"rendered":"Iepaz\u012bstiet Ida-Virum\u0101 Igaunij\u0101 \u2014 Narva-J\u0113s\u016b"},"content":{"rendered":"\n<figure class=\"wp-block-embed is-type-video is-provider-youtube wp-block-embed-youtube wp-embed-aspect-16-9 wp-has-aspect-ratio\"><div class=\"wp-block-embed__wrapper\">\n<iframe title=\"Welcome to Narva-J\u00f5esuu!\" width=\"800\" height=\"450\" src=\"https:\/\/www.youtube.com\/embed\/bp7r4grondI?list=PLJu44Mj32YXK84WxL5vYMFbcTJOv2x8YW\" frameborder=\"0\" allow=\"accelerometer; autoplay; clipboard-write; encrypted-media; gyroscope; picture-in-picture; web-share\" allowfullscreen><\/iframe>\n<\/div><\/figure>\n\n\n\n<p>Vai mekl\u0113jat jauku vietu, kur izbaud\u012bt vasaras br\u012bvdienas? J\u016bsu mekl\u0113jumi ir beigu\u0161ies, jo mums ir priek\u0161 Jums ide\u0101ls galam\u0113r\u0137is \u2014 Narva-J\u0113s\u016b!<\/p>\n\n\n\n<p>Min\u0113sim da\u017eus iemeslus, k\u0101p\u0113c ir v\u0113rts apmekl\u0113t \u0161o skaisto vietu.<\/p>\n\n\n\n<p><strong>Burv\u012bga smil\u0161u pludmale<\/strong><\/p>\n\n\n\n<p>Narva-J\u0113s\u016b ir paz\u012bstama ar savu 9,5 km garo smil\u0161u pludmali, kas ir ar\u012b gar\u0101kais piej\u016bras smil\u0161ainais liedags Igaunij\u0101! Baltas smiltis, viegla v\u0113ja br\u0101zma un gleznains skats uz j\u016bru rada neaizmirstamus iespaidus pludmal\u0113. Un kas par saulrietiem!\u00a0 Narva-J\u0113s\u016b ne velti tiek saukta par 1000 saulrietu pils\u0113tu.<\/p>\n\n\n\n<figure class=\"wp-block-image size-large is-resized\"><img fetchpriority=\"high\" decoding=\"async\" src=\"https:\/\/idaviru.ee\/wp-content\/uploads\/2023\/07\/Narva-Joesuu-rand-SvenZacek_narva_joesuu_16-1024x683.jpg\" alt=\"\" class=\"wp-image-2940911\" width=\"840\" height=\"560\" srcset=\"\/\/idaviru.ee\/wp-content\/uploads\/2023\/07\/Narva-Joesuu-rand-SvenZacek_narva_joesuu_16-1024x683.jpg 1024w, \/\/idaviru.ee\/wp-content\/uploads\/2023\/07\/Narva-Joesuu-rand-SvenZacek_narva_joesuu_16-300x200.jpg 300w, \/\/idaviru.ee\/wp-content\/uploads\/2023\/07\/Narva-Joesuu-rand-SvenZacek_narva_joesuu_16-768x512.jpg 768w, \/\/idaviru.ee\/wp-content\/uploads\/2023\/07\/Narva-Joesuu-rand-SvenZacek_narva_joesuu_16-1536x1024.jpg 1536w, \/\/idaviru.ee\/wp-content\/uploads\/2023\/07\/Narva-Joesuu-rand-SvenZacek_narva_joesuu_16-2048x1365.jpg 2048w, \/\/idaviru.ee\/wp-content\/uploads\/2023\/07\/Narva-Joesuu-rand-SvenZacek_narva_joesuu_16-600x400.jpg 600w, \/\/idaviru.ee\/wp-content\/uploads\/2023\/07\/Narva-Joesuu-rand-SvenZacek_narva_joesuu_16-90x60.jpg 90w, \/\/idaviru.ee\/wp-content\/uploads\/2023\/07\/Narva-Joesuu-rand-SvenZacek_narva_joesuu_16-135x90.jpg 135w\" sizes=\"(max-width: 840px) 100vw, 840px\" \/><\/figure>\n\n\n\n<p><strong>Apbr\u012bnojama daba<\/strong><\/p>\n\n\n\n<p>Skaists prie\u017eu me\u017es, dabas takas&nbsp; un promen\u0101des ar br\u012bni\u0161\u0137\u012bgiem skatiem \u2013 ide\u0101la vieta vienkopus baud\u012bt svaigu gaisu un dabas skaistumu.<\/p>\n\n\n\n<p><strong>V\u0113sture un kult\u016bra<\/strong><\/p>\n\n\n\n<p>Kop\u0161 20. gadsimta 20. gadiem Narva-J\u0113s\u016b bija atz\u012bta k\u016brortpils\u0113ta, kas vasar\u0101s pied\u0101v\u0101ja atp\u016btniekiem iesp\u0113ju baud\u012bt atp\u016btu pludmal\u0113 un izbaud\u012bt da\u017e\u0101das vesel\u012bbas k\u016bres. \u0160\u012b vienm\u0113r ir bijusi da\u017e\u0101du kult\u016bru un taut\u012bbu tik\u0161an\u0101s vieta. Pati pils\u0113ta atrodas uz Igaunijas un Krievijas robe\u017eas un \u0161is fakts vienm\u0113r ir ietekm\u0113jis ar\u012b viet\u0113jo kult\u016bru un v\u0113sturi. Turkl\u0101t \u0161eit ir ar\u012b j\u016btama citu Baltijas valstu kult\u016bru ietekmes, kas pie\u0161\u0137ir re\u0123ionam unik\u0101lu un daudzpus\u012bgu atmosf\u0113ru.<\/p>\n\n\n\n<figure class=\"wp-block-image size-large\"><img decoding=\"async\" width=\"1024\" height=\"762\" src=\"https:\/\/idaviru.ee\/wp-content\/uploads\/2022\/07\/KuursaalNarva-Joesuu_-1024x762.jpg\" alt=\"Kuursaal Narva-J\u00f5esuus hiilgeaegadel\" class=\"wp-image-2668325\" srcset=\"\/\/idaviru.ee\/wp-content\/uploads\/2022\/07\/KuursaalNarva-Joesuu_-1024x762.jpg 1024w, \/\/idaviru.ee\/wp-content\/uploads\/2022\/07\/KuursaalNarva-Joesuu_-300x223.jpg 300w, \/\/idaviru.ee\/wp-content\/uploads\/2022\/07\/KuursaalNarva-Joesuu_-768x572.jpg 768w, \/\/idaviru.ee\/wp-content\/uploads\/2022\/07\/KuursaalNarva-Joesuu_-600x447.jpg 600w, \/\/idaviru.ee\/wp-content\/uploads\/2022\/07\/KuursaalNarva-Joesuu_-81x60.jpg 81w, \/\/idaviru.ee\/wp-content\/uploads\/2022\/07\/KuursaalNarva-Joesuu_-121x90.jpg 121w, \/\/idaviru.ee\/wp-content\/uploads\/2022\/07\/KuursaalNarva-Joesuu_.jpg 1200w\" sizes=\"(max-width: 1024px) 100vw, 1024px\" \/><figcaption class=\"wp-element-caption\"><em>Narva-J\u0113s\u016b k\u016brm\u0101ja<\/em><\/figcaption><\/figure>\n\n\n\n<p><strong>Kulin\u0101rais mantojums<\/strong><\/p>\n\n\n\n<p>Narva-J\u0113s\u016b gard\u0113\u017eiem garant\u0113 neaizmirstamu gar\u0161u pieredzi! \u0160eit J\u016bs atrad\u012bsiett vair\u0101kus m\u0101j\u012bgus restor\u0101nus, kur izbaud\u012bt viet\u0113jo \u0113dienu \u012bpa\u0161\u012bbas un atspirdzino\u0161us dz\u0113rienus.<\/p>\n\n\n\n<figure class=\"wp-block-image size-full\"><img decoding=\"async\" width=\"800\" height=\"533\" src=\"https:\/\/idaviru.ee\/wp-content\/uploads\/2022\/10\/Meresuu-komplekmenu\u0308u\u0308.jpg\" alt=\"Toidud Meresuu SPA restoranis Meloodia Ida-Virumaal\" class=\"wp-image-2765226\" srcset=\"\/\/idaviru.ee\/wp-content\/uploads\/2022\/10\/Meresuu-komplekmenu\u0308u\u0308.jpg 800w, \/\/idaviru.ee\/wp-content\/uploads\/2022\/10\/Meresuu-komplekmenu\u0308u\u0308-300x200.jpg 300w, \/\/idaviru.ee\/wp-content\/uploads\/2022\/10\/Meresuu-komplekmenu\u0308u\u0308-768x512.jpg 768w, \/\/idaviru.ee\/wp-content\/uploads\/2022\/10\/Meresuu-komplekmenu\u0308u\u0308-600x400.jpg 600w, \/\/idaviru.ee\/wp-content\/uploads\/2022\/10\/Meresuu-komplekmenu\u0308u\u0308-90x60.jpg 90w, \/\/idaviru.ee\/wp-content\/uploads\/2022\/10\/Meresuu-komplekmenu\u0308u\u0308-135x90.jpg 135w\" sizes=\"(max-width: 800px) 100vw, 800px\" \/><figcaption class=\"wp-element-caption\"><em>Meresuu SPA &amp; Hotel <\/em><\/figcaption><\/figure>\n\n\n\n<p><strong>Spa centri un vesel\u012bbas t\u016brisms<\/strong><\/p>\n\n\n\n<p>Narva-J\u0113s\u016b ir slavena ar\u012b ar saviem spa centriem, kur apmekl\u0113t\u0101ji var izbaud\u012bt relaks\u0113jo\u0161as un \u0101rstnieciskas proced\u016bras: lieliska vieta, kur par\u016bp\u0113ties par savu \u0137ermeni un garu, lai ikkatrs justos patiesi atp\u016bties.<\/p>\n\n\n\n<figure class=\"wp-block-image size-large\"><img loading=\"lazy\" decoding=\"async\" width=\"1024\" height=\"614\" src=\"https:\/\/idaviru.ee\/wp-content\/uploads\/2022\/10\/NJ-spaa-1024x614.jpeg\" alt=\"Naine basseinim\u00f5nusid nautimas Narva-J\u00f5esuu Medical spaas\" class=\"wp-image-2765748\" srcset=\"\/\/idaviru.ee\/wp-content\/uploads\/2022\/10\/NJ-spaa-1024x614.jpeg 1024w, \/\/idaviru.ee\/wp-content\/uploads\/2022\/10\/NJ-spaa-300x180.jpeg 300w, \/\/idaviru.ee\/wp-content\/uploads\/2022\/10\/NJ-spaa-768x461.jpeg 768w, \/\/idaviru.ee\/wp-content\/uploads\/2022\/10\/NJ-spaa-600x360.jpeg 600w, \/\/idaviru.ee\/wp-content\/uploads\/2022\/10\/NJ-spaa-100x60.jpeg 100w, \/\/idaviru.ee\/wp-content\/uploads\/2022\/10\/NJ-spaa-150x90.jpeg 150w, \/\/idaviru.ee\/wp-content\/uploads\/2022\/10\/NJ-spaa.jpeg 1280w\" sizes=\"(max-width: 1024px) 100vw, 1024px\" \/><figcaption class=\"wp-element-caption\"><em>Narva-J\u0113s\u016b Medical Spa<\/em><\/figcaption><\/figure>\n\n\n\n<p>Brauciet un apmekl\u0113jiet Narva-J\u0113s\u016b un atkl\u0101jiet t\u0101s unik\u0101lo \u0161armu, papildinot atva\u013cin\u0101jumu ar neatk\u0101rtojamiem atmi\u0146u mirk\u013ciem!<\/p>\n\n\n\n<p>????&nbsp;Neaizmirstiet pa\u0146emt l\u012bdzi fotoapar\u0101tu vai viedt\u0101lruni un soci\u0101lajos t\u012bklos kop\u012bgot ar mums savus fotoatt\u0113lus un video no atva\u013cin\u0101juma Narva-J\u0113s\u016b, iedvesmojot citus apmekl\u0113t \u0161o unik\u0101lo vietu.<\/p>\n\n\n\n<ul class=\"wp-block-list\">\n<li>Apskatiet&nbsp;<a href=\"https:\/\/idaviru.ee\/lv\/mis-toimub\/\" target=\"_blank\" rel=\"noreferrer noopener\"><strong>naktsm\u012btnes<\/strong><\/a><\/li>\n\n\n\n<li>Apskatiet&nbsp;<a href=\"https:\/\/idaviru.ee\/lv\/mis-toimub\/\" target=\"_blank\" rel=\"noreferrer noopener\"><strong>\u0113din\u0101\u0161anas vietas<\/strong><\/a><\/li>\n\n\n\n<li>Apskatiet tuv\u0113j\u0101s apk\u0101rtnes&nbsp;<a href=\"https:\/\/idaviru.ee\/lv\/mis-toimub\/\" target=\"_blank\" rel=\"noreferrer noopener\"><strong>apskates objektus<\/strong><\/a><\/li>\n<\/ul>\n\n\n\n<p>Fotogr\u0101fijas: Ida-Viru t\u016brisma klasteris<\/p>\n\n\n\n<hr class=\"wp-block-separator has-alpha-channel-opacity\"\/>\n\n\n\n<figure class=\"wp-block-image is-resized\"><img loading=\"lazy\" decoding=\"async\" src=\"https:\/\/idaviru.ee\/wp-content\/uploads\/2023\/08\/LV_Co-fundedbytheEU_RGB_POS-1024x242.png\" alt=\"\" class=\"wp-image-2942319\" width=\"246\" height=\"57\" srcset=\"\/\/idaviru.ee\/wp-content\/uploads\/2023\/08\/LV_Co-fundedbytheEU_RGB_POS-1024x242.png 1024w, \/\/idaviru.ee\/wp-content\/uploads\/2023\/08\/LV_Co-fundedbytheEU_RGB_POS-300x71.png 300w, \/\/idaviru.ee\/wp-content\/uploads\/2023\/08\/LV_Co-fundedbytheEU_RGB_POS-768x181.png 768w, \/\/idaviru.ee\/wp-content\/uploads\/2023\/08\/LV_Co-fundedbytheEU_RGB_POS-1536x363.png 1536w, \/\/idaviru.ee\/wp-content\/uploads\/2023\/08\/LV_Co-fundedbytheEU_RGB_POS-2048x483.png 2048w, \/\/idaviru.ee\/wp-content\/uploads\/2023\/08\/LV_Co-fundedbytheEU_RGB_POS-600x142.png 600w, \/\/idaviru.ee\/wp-content\/uploads\/2023\/08\/LV_Co-fundedbytheEU_RGB_POS-190x45.png 190w, \/\/idaviru.ee\/wp-content\/uploads\/2023\/08\/LV_Co-fundedbytheEU_RGB_POS-381x90.png 381w\" sizes=\"(max-width: 246px) 100vw, 246px\" \/><\/figure>\n\n\n\n<p><strong>Austrumviru apri\u0146\u0137a projekts tie \u012bstenots Eiropas kaimi\u0146attiec\u012bbu instrumenta ietvaros un to l\u012bdzfinans\u0113 Eiropas Savien\u012bba. \u0160\u012b publik\u0101cija tapusi ar Eiropas Savien\u012bbas finansi\u0101lu atbalstu.<\/strong><\/p>\n\n\n\n<p>Par \u0161\u012bs publik\u0101cijas saturu piln\u012bb\u0101 atbild Austrumviru apri\u0146\u0137a Uz\u0146\u0113mumu centrs, un to nevar uzskat\u012bt par Programmas vai Eiropas Savien\u012bbas nost\u0101jas atspogu\u013cojumu.<\/p>\n","protected":false},"excerpt":{"rendered":"<p>Vai mekl\u0113jat jauku vietu, kur izbaud\u012bt vasaras br\u012bvdienas? J\u016bsu mekl\u0113jumi ir beigu\u0161ies, jo mums ir priek\u0161 Jums ide\u0101ls galam\u0113r\u0137is \u2014 Narva-J\u0113s\u016b! Min\u0113sim da\u017eus iemeslus, k\u0101p\u0113c ir v\u0113rts apmekl\u0113t \u0161o skaisto vietu. Burv\u012bga smil\u0161u pludmale Narva-J\u0113s\u016b ir paz\u012bstama ar savu 9,5 km garo smil\u0161u pludmali, kas ir ar\u012b gar\u0101kais piej\u016bras smil\u0161ainais liedags Igaunij\u0101! Baltas smiltis, viegla [&hellip;]<\/p>\n","protected":false},"author":10,"featured_media":2940142,"comment_status":"closed","ping_status":"closed","sticky":false,"template":"","format":"standard","meta":{"_acf_changed":false,"inline_featured_image":false,"footnotes":""},"categories":[775],"tags":[],"class_list":["post-2940906","post","type-post","status-publish","format-standard","has-post-thumbnail","hentry","category-iedvesmai"],"acf":[],"_links":{"self":[{"href":"https:\/\/idaviru.ee\/lv\/wp-json\/wp\/v2\/posts\/2940906","targetHints":{"allow":["GET"]}}],"collection":[{"href":"https:\/\/idaviru.ee\/lv\/wp-json\/wp\/v2\/posts"}],"about":[{"href":"https:\/\/idaviru.ee\/lv\/wp-json\/wp\/v2\/types\/post"}],"author":[{"embeddable":true,"href":"https:\/\/idaviru.ee\/lv\/wp-json\/wp\/v2\/users\/10"}],"replies":[{"embeddable":true,"href":"https:\/\/idaviru.ee\/lv\/wp-json\/wp\/v2\/comments?post=2940906"}],"version-history":[{"count":0,"href":"https:\/\/idaviru.ee\/lv\/wp-json\/wp\/v2\/posts\/2940906\/revisions"}],"wp:featuredmedia":[{"embeddable":true,"href":"https:\/\/idaviru.ee\/lv\/wp-json\/wp\/v2\/media\/2940142"}],"wp:attachment":[{"href":"https:\/\/idaviru.ee\/lv\/wp-json\/wp\/v2\/media?parent=2940906"}],"wp:term":[{"taxonomy":"category","embeddable":true,"href":"https:\/\/idaviru.ee\/lv\/wp-json\/wp\/v2\/categories?post=2940906"},{"taxonomy":"post_tag","embeddable":true,"href":"https:\/\/idaviru.ee\/lv\/wp-json\/wp\/v2\/tags?post=2940906"}],"curies":[{"name":"wp","href":"https:\/\/api.w.org\/{rel}","templated":true}]}}