{"id":2951454,"date":"2024-02-21T19:15:30","date_gmt":"2024-02-21T17:15:30","guid":{"rendered":"https:\/\/idaviru.ee\/?p=2951454"},"modified":"2025-02-20T12:13:43","modified_gmt":"2025-02-20T10:13:43","slug":"ziemas-brivdienas-ida-viruma-piedzivojumi-visai-gimenei","status":"publish","type":"post","link":"https:\/\/idaviru.ee\/lv\/ziemas-brivdienas-ida-viruma-piedzivojumi-visai-gimenei\/","title":{"rendered":"Ziemas br\u012bvdienas Ida-Viru: piedz\u012bvojumi visai \u0123imenei"},"content":{"rendered":"\n<p>Kur\u0161 ir teicis, ka br\u012bvdienu braucienos ar \u0123imeni var doties tikai vasar\u0101! Par Ida- Viru t\u0101 noteikti nav taisn\u012bba, jo \u0161eit J\u016bs atrad\u012bsiet jautras, piedz\u012bvojumiem bag\u0101tas, relaks\u0113jo\u0161as un izzino\u0161as izklaides iesp\u0113jas ar\u012b ziem\u0101. Ar dro\u0161i sirdi varam teikt &#8211; apmekl\u0113jiet Ida- Viru ziem\u0101!<\/p>\n\n\n\n<p><strong>Ziemas sporta veidi<\/strong><br>Ida-Viru ir lieliska vieta, kas piem\u0113rota ziemas sporta veidu cien\u012bt\u0101jiem. <a href=\"https:\/\/idaviru.ee\/lv\/object\/1642093\/kivioli-seikluskeskuse-suusakeskus-2\/\">Kivieli piedz\u012bvojumu centrs<\/a> ar Baltij\u0101 gar\u0101kaj\u0101m nog\u0101z\u0113m gaida ziemas sporta cien\u012bt\u0101jus. Sl\u0113pot\u0101jus un snovbordistus priec\u0113s 400-700 metrus garas sl\u0113po\u0161anas nog\u0101zes, m\u0101c\u012bbu nog\u0101zes un profesion\u0101ls sniega parks. Ja v\u0113l neprotat sl\u0113pot vai vai braukt ar sniega d\u0113li, bet v\u0113laties izm\u0113\u0123in\u0101t, uzticieties centra instruktoriem. Papildus garaj\u0101m nog\u0101z\u0113m gan <a href=\"https:\/\/idaviru.ee\/lv\/object\/1641762\/alutaguse-puhke-ja-spordikeskuse-suusarajad-2\/\">Alutaguses Atp\u016btas un Sporta centr\u0101<\/a>, gan <a href=\"https:\/\/idaviru.ee\/lv\/object\/1642326\/akkekula-spordi-ja-puhkeala-narvas\/\">Narvas &#8220;\u00c4kkek\u00fcla&#8221; Sporta un Atp\u016btas kompleks\u0101<\/a> sl\u0113pot\u0101jus priec\u0113s<br>kvalitat\u012bv\u0101s un apgaismot\u0101s sl\u0113po\u0161anas trases. Ja \u0123imen\u0113 ir kamani\u0146u sporta cien\u012bt\u0101ji, tad ab\u0101s viet\u0101s ir padom\u0101ts ar\u012b par tiem.<\/p>\n\n\n\n<figure class=\"wp-block-image size-large\"><img fetchpriority=\"high\" decoding=\"async\" width=\"1024\" height=\"585\" src=\"https:\/\/idaviru.ee\/wp-content\/uploads\/2023\/02\/mael_puhkajad-2-1024x585.jpg\" alt=\"\" class=\"wp-image-2852291\" srcset=\"\/\/idaviru.ee\/wp-content\/uploads\/2023\/02\/mael_puhkajad-2-1024x585.jpg 1024w, \/\/idaviru.ee\/wp-content\/uploads\/2023\/02\/mael_puhkajad-2-300x171.jpg 300w, \/\/idaviru.ee\/wp-content\/uploads\/2023\/02\/mael_puhkajad-2-768x439.jpg 768w, \/\/idaviru.ee\/wp-content\/uploads\/2023\/02\/mael_puhkajad-2-600x343.jpg 600w, \/\/idaviru.ee\/wp-content\/uploads\/2023\/02\/mael_puhkajad-2-105x60.jpg 105w, \/\/idaviru.ee\/wp-content\/uploads\/2023\/02\/mael_puhkajad-2-158x90.jpg 158w, \/\/idaviru.ee\/wp-content\/uploads\/2023\/02\/mael_puhkajad-2.jpg 1400w\" sizes=\"(max-width: 1024px) 100vw, 1024px\" \/><figcaption class=\"wp-element-caption\">Kivieli Akt\u012bv\u0101s atp\u016btas centrs. Kalna gal\u0101<\/figcaption><\/figure>\n\n\n\n<p><br><strong>Piedz\u012bvojumi karjer\u0101<\/strong><br>\u012apa\u0161a piedz\u012bvojamu gaisotne J\u016bs gaida Aidu karjer\u0101, kur <a href=\"https:\/\/idaviru.ee\/lv\/object\/1641835\/adrenaator-grupi-off-road-safari-aidu-karjaaris\/\">Adrenaator Grupp<\/a> pied\u0101v\u0101 gan piedz\u012bvojumu p\u0101rg\u0101jienus, gan <a href=\"https:\/\/idaviru.ee\/lv\/object\/1641835\/adrenaator-grupi-off-road-safari-aidu-karjaaris\/\">bezce\u013cu karjera safari<\/a>, kas notiek unik\u0101laj\u0101 Aidu vid\u0113. Ne velti tos sauc par Igaunijas fjordiem. Piedz\u012bvojumi ved\u012bs cauri gr\u0101vjiem, me\u017ea tak\u0101m un sare\u017e\u0123\u012btam m\u0101ksl\u012bgajam reljefam, bet ziema pie\u0161\u0137ir tam savu \u0161armu.<\/p>\n\n\n\n<figure class=\"wp-block-image size-large\"><img decoding=\"async\" src=\"https:\/\/idaviru.ee\/wp-content\/uploads\/2023\/12\/Aidu-karjaar_Karjaarisafari_Foto_-Adrenaator-Grupp-1024x576.jpg\" alt=\"\" class=\"wp-image-2948657\"\/><figcaption class=\"wp-element-caption\">Foto: Adrenaator Grupp<\/figcaption><\/figure>\n\n\n\n<p><br><strong>Ziemas br\u012bnums dab\u0101<\/strong><br>Braucot no Kivieli uz Narvu vai otr\u0101di, nobrauciet no \u0161osejas un apmekl\u0113jiet Valasti. Ziem\u0101 Valastes \u016bdenskritums ir viens no visvair\u0101k fotograf\u0113tajiem objektiem Igaunij\u0101 &#8211; \u012bpa\u0161i tad, kad sals un stiprais zieme\u013cv\u0113j\u0161 piekrastes kokus p\u0101rv\u0113rtis par ledus skulpt\u016br\u0101m. Turpat, net\u0101lu no Valastes, atrodas gleznain\u0101, dabas ieskaut\u0101, <a href=\"https:\/\/idaviru.ee\/lv\/object\/1641769\/saka-moisa-wellness-spa-2\/\">Sakas mui\u017ea ar spa centru<\/a> un m\u0101j\u012bgu restor\u0101nu &#8211; tie\u0161i tas, kas nepiecie\u0161ams nesteidz\u012bgai atp\u016btai. Net\u0101lu no Valastes atrodas ar\u012b <a href=\"https:\/\/idaviru.ee\/lv\/object\/1641714\/oru-park-toilas\/\">Toila Oru parks<\/a>, kas ir burv\u012bgs jebkur\u0101 gadalaik\u0101. Oru parka pak\u0101j\u0113 atrodas <a href=\"https:\/\/idaviru.ee\/lv\/object\/287702\/toila-spa-hotell\/\">Toila Spa Hotell<\/a>, kur p\u0113c akt\u012bv\u0101m ziemas izklaid\u0113m var baud\u012bt \u016bdens priekus un relaks\u0113jo\u0161as<br>proced\u016bras.<\/p>\n\n\n\n<figure class=\"wp-block-image size-large\"><img decoding=\"async\" width=\"1019\" height=\"1024\" src=\"https:\/\/idaviru.ee\/wp-content\/uploads\/2023\/02\/TALVESEIKLUS-Toila-ruut-01-1019x1024.jpg\" alt=\"\" class=\"wp-image-2854494\" srcset=\"\/\/idaviru.ee\/wp-content\/uploads\/2023\/02\/TALVESEIKLUS-Toila-ruut-01-1019x1024.jpg 1019w, \/\/idaviru.ee\/wp-content\/uploads\/2023\/02\/TALVESEIKLUS-Toila-ruut-01-298x300.jpg 298w, \/\/idaviru.ee\/wp-content\/uploads\/2023\/02\/TALVESEIKLUS-Toila-ruut-01-215x215.jpg 215w, \/\/idaviru.ee\/wp-content\/uploads\/2023\/02\/TALVESEIKLUS-Toila-ruut-01-768x772.jpg 768w, \/\/idaviru.ee\/wp-content\/uploads\/2023\/02\/TALVESEIKLUS-Toila-ruut-01-300x300.jpg 300w, \/\/idaviru.ee\/wp-content\/uploads\/2023\/02\/TALVESEIKLUS-Toila-ruut-01-600x603.jpg 600w, \/\/idaviru.ee\/wp-content\/uploads\/2023\/02\/TALVESEIKLUS-Toila-ruut-01-100x100.jpg 100w, \/\/idaviru.ee\/wp-content\/uploads\/2023\/02\/TALVESEIKLUS-Toila-ruut-01-60x60.jpg 60w, \/\/idaviru.ee\/wp-content\/uploads\/2023\/02\/TALVESEIKLUS-Toila-ruut-01-90x90.jpg 90w, \/\/idaviru.ee\/wp-content\/uploads\/2023\/02\/TALVESEIKLUS-Toila-ruut-01.jpg 1175w\" sizes=\"(max-width: 1019px) 100vw, 1019px\" \/><\/figure>\n\n\n\n<p><br><strong>Izm\u0113\u0123iniet kaut ko jaunu &#8211; sl\u0113po\u0161ana ar zirgu<\/strong><br>Alutaguses me\u017eos <a href=\"https:\/\/www.siimumaetalu.com\/\">Siimum\u00e4e<\/a> apkaim\u0113 var doties piedz\u012bvojumos un jautri pavad\u012bt laiku svaig\u0101 gais\u0101. Var izm\u0113\u0123in\u0101t ar\u012b vienu no aizraujo\u0161\u0101kajiem ziemas sporta veidiem &#8211; sl\u0113po\u0161anu ar zirgu jeb skijoringu. Brauciens ved\u012bs cauri br\u012bni\u0161\u0137\u012bgai dabas ainavai, zirgs rik\u0161o, iet vai skrien, bet dal\u012bbniekam j\u0101prot vien notur\u0113ties uz sl\u0113p\u0113m. Ja esat pavad\u012bjis dienu Siimum\u00e4e apkaim\u0113, izbaudot skijoringu un citas ziemas aktivit\u0101tes, ide\u0101ls veids, k\u0101 nosl\u0113gt dienu, ir doties uz <a href=\"https:\/\/idaviru.ee\/lv\/object\/1641708\/maetaguse-moisahotelli-supelmaja-2\/\">Von Rosen Spa M\u00e4etaguse<\/a>, kas ir da\u013ca no <a href=\"https:\/\/idaviru.ee\/lv\/object\/1641718\/maetaguse-mois\/\">M\u00e4etaguse v\u0113sturisk\u0101 mui\u017eas<\/a> kompleksa.<\/p>\n\n\n\n<p><br><strong>Pils\u0113tas piedz\u012bvojumi Ida-Viru<\/strong><\/p>\n\n\n\n<figure class=\"wp-block-image size-large\"><img decoding=\"async\" width=\"1024\" height=\"683\" src=\"https:\/\/idaviru.ee\/wp-content\/uploads\/2023\/12\/Narva-Joepromenaad-Foto_Sven-Zacek-1024x683.jpg\" alt=\"\" class=\"wp-image-2948682\" srcset=\"\/\/idaviru.ee\/wp-content\/uploads\/2023\/12\/Narva-Joepromenaad-Foto_Sven-Zacek-1024x683.jpg 1024w, \/\/idaviru.ee\/wp-content\/uploads\/2023\/12\/Narva-Joepromenaad-Foto_Sven-Zacek-300x200.jpg 300w, \/\/idaviru.ee\/wp-content\/uploads\/2023\/12\/Narva-Joepromenaad-Foto_Sven-Zacek-768x512.jpg 768w, \/\/idaviru.ee\/wp-content\/uploads\/2023\/12\/Narva-Joepromenaad-Foto_Sven-Zacek-1536x1024.jpg 1536w, \/\/idaviru.ee\/wp-content\/uploads\/2023\/12\/Narva-Joepromenaad-Foto_Sven-Zacek-2048x1365.jpg 2048w, \/\/idaviru.ee\/wp-content\/uploads\/2023\/12\/Narva-Joepromenaad-Foto_Sven-Zacek-600x400.jpg 600w\" sizes=\"(max-width: 1024px) 100vw, 1024px\" \/><\/figure>\n\n\n\n<p>Foto: Sven zacek<\/p>\n\n\n\n<p><br><strong><a href=\"https:\/\/idaviru.ee\/lv\/object\/1641803\/narva-turismiinfokeskus\/\">Narva<\/a><\/strong>: Iepaz\u012bstiet pils\u0113tas v\u0113sturi aizraujo\u0161aj\u0101 virtu\u0101laj\u0101 ekspoz\u012bcij\u0101 &#8220;Vec\u0101s<br>Narvas jaun\u0101 dz\u012bve&#8221;. Izbaudiet pastaigu pa gleznaino Narvas promen\u0101di un apskatiet<br>pils\u0113tas panor\u0101mu. Apmekl\u0113jiet majest\u0101tisko Narvas pils torni un iepaz\u012bstiet t\u0101 aizraujo\u0161o<br>st\u0101stu. Ieg\u016bstiet dzi\u013c\u0101kas zin\u0101\u0161anas par re\u0123ionu Narvas muzej\u0101. Atp\u016btieties pils\u0113tas m\u0101j\u012bgaj\u0101s kafejn\u012bc\u0101s  un nobaudiet gardus viet\u0113jos \u0113dienus. P\u0113c garas dienas pils\u0113t\u0101 izbaudiet komfortablu naktsmieru Narva Hotell, kas atrodas strat\u0113\u0123iski izdev\u012bg\u0101 viet\u0101 net\u0101lu no vis\u0101m galvenaj\u0101m apskates viet\u0101m.<\/p>\n\n\n\n<figure class=\"wp-block-image size-large\"><img loading=\"lazy\" decoding=\"async\" width=\"1024\" height=\"683\" src=\"https:\/\/idaviru.ee\/wp-content\/uploads\/2023\/12\/Sillamae-arhitektuur-ida-virumaa-SvenZacek-1024x683.jpg\" alt=\"\" class=\"wp-image-2949269\" srcset=\"\/\/idaviru.ee\/wp-content\/uploads\/2023\/12\/Sillamae-arhitektuur-ida-virumaa-SvenZacek-1024x683.jpg 1024w, \/\/idaviru.ee\/wp-content\/uploads\/2023\/12\/Sillamae-arhitektuur-ida-virumaa-SvenZacek-300x200.jpg 300w, \/\/idaviru.ee\/wp-content\/uploads\/2023\/12\/Sillamae-arhitektuur-ida-virumaa-SvenZacek-768x512.jpg 768w, \/\/idaviru.ee\/wp-content\/uploads\/2023\/12\/Sillamae-arhitektuur-ida-virumaa-SvenZacek-1536x1024.jpg 1536w, \/\/idaviru.ee\/wp-content\/uploads\/2023\/12\/Sillamae-arhitektuur-ida-virumaa-SvenZacek-2048x1365.jpg 2048w, \/\/idaviru.ee\/wp-content\/uploads\/2023\/12\/Sillamae-arhitektuur-ida-virumaa-SvenZacek-600x400.jpg 600w\" sizes=\"(max-width: 1024px) 100vw, 1024px\" \/><\/figure>\n\n\n\n<p>Foto: Sven Zacek<br><\/p>\n\n\n\n<p><strong><a href=\"https:\/\/idaviru.ee\/lv\/object\/1641754\/sillamae-linn-2\/\">Sillam\u0113<\/a><\/strong>: Apmekl\u0113t \u0161o unik\u0101lo padomju laika arhitekt\u016bras liec\u012bbu jau vien ir t\u0101 v\u0113rts. L\u0113n\u0101 sol\u012b pastaig\u0101jiet pa gleznaino Mere promen\u0101di un apl\u016bkojiet j\u016bras piekrastes ainavas. Ieelpojiet svaigo j\u016bras gaisu un pastaig\u0101jieties pa jauno promen\u0101di gar j\u016bras krastu. Izstaig\u0101jiet maz\u0101s pils\u0113ti\u0146as ieli\u0146as un apskatiet padomju god\u012bbas arhitekt\u016bras ansambli kopum\u0101, nekur citur Eirop\u0101 J\u016bs t\u0101du neatrad\u012bsiet. <br><\/p>\n\n\n\n<figure class=\"wp-block-image size-full\"><img loading=\"lazy\" decoding=\"async\" width=\"800\" height=\"585\" src=\"https:\/\/idaviru.ee\/wp-content\/uploads\/2023\/10\/U14A2180-copy-3-1.jpg\" alt=\"\" class=\"wp-image-2946762\" srcset=\"\/\/idaviru.ee\/wp-content\/uploads\/2023\/10\/U14A2180-copy-3-1.jpg 800w, \/\/idaviru.ee\/wp-content\/uploads\/2023\/10\/U14A2180-copy-3-1-300x219.jpg 300w, \/\/idaviru.ee\/wp-content\/uploads\/2023\/10\/U14A2180-copy-3-1-768x562.jpg 768w, \/\/idaviru.ee\/wp-content\/uploads\/2023\/10\/U14A2180-copy-3-1-228x166.jpg 228w, \/\/idaviru.ee\/wp-content\/uploads\/2023\/10\/U14A2180-copy-3-1-152x110.jpg 152w, \/\/idaviru.ee\/wp-content\/uploads\/2023\/10\/U14A2180-copy-3-1-600x439.jpg 600w\" sizes=\"(max-width: 800px) 100vw, 800px\" \/><figcaption class=\"wp-element-caption\">Narva-J\u00f5esuu Medical SPA  Tropu virtu\u0101l\u0101s realit\u0101tes terapija.<\/figcaption><\/figure>\n\n\n\n<p><br><strong>SPA atp\u016bta Narva-J\u00f5esuu<\/strong>: Aizbrauciet uz Narva-J\u00f5esuu, lai izbaud\u012btu relaks\u0113jo\u0161as spa proced\u016bras<br>un atp\u016bstos no ikdienas stresa. Izbaudiet autentiskas pirts trad\u012bcijas <a href=\"https:\/\/idaviru.ee\/lv\/object\/287690\/meresuu-spa-hotel\/\">Meresuu SPA &amp; Hotel<\/a>, kur<br>pieredz\u0113ju\u0161i pirts meistari par\u016bp\u0113sies par j\u016bsu labsaj\u016btu. Savuk\u0101rt nok\u013c\u016bt tropu atmosf\u0113r\u0101 Jums pied\u0101v\u0101 <a href=\"https:\/\/idaviru.ee\/lv\/object\/2774073\/2774073\/\">Narva-J\u00f5esuu Medical SPA<\/a>. \u013baujieties virtu\u0101l\u0101s realit\u0101tes \u012bpa\u0161aj\u0101m tropu ce\u013cojuma proced\u016br\u0101m, kas pal\u012bdz\u0113s mazin\u0101t stresu un atjaunot sp\u0113kus<\/p>\n\n\n\n<div class=\"wp-block-columns is-layout-flex wp-container-core-columns-is-layout-9d6595d7 wp-block-columns-is-layout-flex\">\n<div class=\"wp-block-column is-layout-flow wp-block-column-is-layout-flow\">\n<figure class=\"wp-block-gallery has-nested-images columns-default is-cropped wp-block-gallery-1 is-layout-flex wp-block-gallery-is-layout-flex\">\n<figure class=\"wp-block-image size-full\"><img loading=\"lazy\" decoding=\"async\" width=\"1000\" height=\"245\" data-id=\"2990269\" src=\"https:\/\/idaviru.ee\/wp-content\/uploads\/2025\/01\/2-1.png\" alt=\"\" class=\"wp-image-2990269\" srcset=\"\/\/idaviru.ee\/wp-content\/uploads\/2025\/01\/2-1.png 1000w, \/\/idaviru.ee\/wp-content\/uploads\/2025\/01\/2-1-300x74.png 300w, \/\/idaviru.ee\/wp-content\/uploads\/2025\/01\/2-1-768x188.png 768w, \/\/idaviru.ee\/wp-content\/uploads\/2025\/01\/2-1-600x147.png 600w\" sizes=\"(max-width: 1000px) 100vw, 1000px\" \/><\/figure>\n<\/figure>\n<\/div>\n\n\n\n<div class=\"wp-block-column is-layout-flow wp-block-column-is-layout-flow\"><\/div>\n\n\n\n<div class=\"wp-block-column is-layout-flow wp-block-column-is-layout-flow\"><\/div>\n<\/div>\n","protected":false},"excerpt":{"rendered":"<p>Kur\u0161 ir teicis, ka br\u012bvdienu braucienos ar \u0123imeni var doties tikai vasar\u0101! Par Ida- Viru t\u0101 noteikti nav taisn\u012bba, jo \u0161eit J\u016bs atrad\u012bsiet jautras, piedz\u012bvojumiem bag\u0101tas, relaks\u0113jo\u0161as un izzino\u0161as izklaides iesp\u0113jas ar\u012b ziem\u0101. Ar dro\u0161i sirdi varam teikt &#8211; apmekl\u0113jiet Ida- Viru ziem\u0101! Ziemas sporta veidiIda-Viru ir lieliska vieta, kas piem\u0113rota ziemas sporta veidu cien\u012bt\u0101jiem. [&hellip;]<\/p>\n","protected":false},"author":48,"featured_media":2951450,"comment_status":"closed","ping_status":"closed","sticky":false,"template":"","format":"standard","meta":{"_acf_changed":false,"inline_featured_image":false,"footnotes":""},"categories":[765],"tags":[],"class_list":["post-2951454","post","type-post","status-publish","format-standard","has-post-thumbnail","hentry","category-blog"],"acf":[],"_links":{"self":[{"href":"https:\/\/idaviru.ee\/lv\/wp-json\/wp\/v2\/posts\/2951454","targetHints":{"allow":["GET"]}}],"collection":[{"href":"https:\/\/idaviru.ee\/lv\/wp-json\/wp\/v2\/posts"}],"about":[{"href":"https:\/\/idaviru.ee\/lv\/wp-json\/wp\/v2\/types\/post"}],"author":[{"embeddable":true,"href":"https:\/\/idaviru.ee\/lv\/wp-json\/wp\/v2\/users\/48"}],"replies":[{"embeddable":true,"href":"https:\/\/idaviru.ee\/lv\/wp-json\/wp\/v2\/comments?post=2951454"}],"version-history":[{"count":0,"href":"https:\/\/idaviru.ee\/lv\/wp-json\/wp\/v2\/posts\/2951454\/revisions"}],"wp:featuredmedia":[{"embeddable":true,"href":"https:\/\/idaviru.ee\/lv\/wp-json\/wp\/v2\/media\/2951450"}],"wp:attachment":[{"href":"https:\/\/idaviru.ee\/lv\/wp-json\/wp\/v2\/media?parent=2951454"}],"wp:term":[{"taxonomy":"category","embeddable":true,"href":"https:\/\/idaviru.ee\/lv\/wp-json\/wp\/v2\/categories?post=2951454"},{"taxonomy":"post_tag","embeddable":true,"href":"https:\/\/idaviru.ee\/lv\/wp-json\/wp\/v2\/tags?post=2951454"}],"curies":[{"name":"wp","href":"https:\/\/api.w.org\/{rel}","templated":true}]}}